{"id":162672,"date":"2020-06-19T18:00:22","date_gmt":"2020-06-19T21:00:22","guid":{"rendered":"https:\/\/diarioregionaldigital.com.br\/?p=162672"},"modified":"2020-06-19T18:00:22","modified_gmt":"2020-06-19T21:00:22","slug":"feira-do-bairro-de-lourdes-recebe-comboio-contra-coronavirus","status":"publish","type":"post","link":"https:\/\/diarioregionaldigital.com.br\/?p=162672","title":{"rendered":"Feira do Bairro de Lourdes recebe comboio contra coronav\u00edrus"},"content":{"rendered":"<p>O Bairro de Lourdes recebeu na manh\u00e3 desta sexta-feira, 19, o comboio contra o coronav\u00edrus. A feira livre realizada no local foi o foco da a\u00e7\u00e3o, cujo objetivo \u00e9 conferir o cumprimento das regras relativas ao com\u00e9rcio em feiras, bem como o uso de m\u00e1scaras por parte de feirantes e consumidores. N\u00e3o houve qualquer registro de irregularidade nesta edi\u00e7\u00e3o. As feiras de Mariano Proc\u00f3pio, S\u00e3o Mateus e Manoel Hon\u00f3rio tamb\u00e9m passaram pelo mesmo trabalho durante a semana, consolidando o circuito de preven\u00e7\u00e3o e fiscaliza\u00e7\u00e3o, de acordo com as medidas de enfrentamento \u00e0 pandemia em Juiz de Fora.<\/p>\n<p>A a\u00e7\u00e3o come\u00e7ou com os ve\u00edculos dos \u00f3rg\u00e3os integrantes do comboio percorrendo as principais ruas do bairro, com emiss\u00e3o de mensagem sonora. Depois, as equipes realizaram abordagem preventiva junto aos frequentadores da feira, distribuindo panfletos de orienta\u00e7\u00e3o sobre a covid-19 e refor\u00e7ando a import\u00e2ncia do uso de m\u00e1scara para redu\u00e7\u00e3o do cont\u00e1gio pela doen\u00e7a.<\/p>\n<p>O prop\u00f3sito da atua\u00e7\u00e3o \u00e9 manter presentes os servi\u00e7os da Prefeitura de Juiz de Fora (PJF) pr\u00f3ximos \u00e0 popula\u00e7\u00e3o, ampliando a sensa\u00e7\u00e3o de seguran\u00e7a, promovendo esclarecimentos e contribuindo para a conscientiza\u00e7\u00e3o de todos. A cria\u00e7\u00e3o do comboio integra a estrat\u00e9gia de reabertura gradual das atividades econ\u00f4micas, estabelecidas na ades\u00e3o do Munic\u00edpio ao plano do Governo estadual, \u201cMinas Consciente\u201d. Participaram da a\u00e7\u00e3o desta sexta-feira soldados do Corpo de Bombeiros Militar, agentes de endemias da Secretaria de Sa\u00fade (SS) e de Transporte e Tr\u00e2nsito (Settra), fiscais de Meio Ambiente e Ordenamento Urbano (Semaur), guardas municipais da Seguran\u00e7a Urbana e Cidadania (Sesuc) e representantes da Ag\u00eancia de Prote\u00e7\u00e3o e Defesa do Consumidor (Procon).<\/p>\n<p>De acordo com o Decreto Municipal 13.975, do dia 12, as feiras livres que acontecem na Avenida Brasil, aos domingos, e na Pra\u00e7a Ant\u00f4nio Carlos, \u00e0s quartas-feiras, \u00e0 noite, continuam suspensas por tempo indeterminado. As feiras realizadas nos bairros seguem em funcionamento, com regras espec\u00edficas. N\u00e3o \u00e9 permitida, por exemplo, a comercializa\u00e7\u00e3o de alimentos para consumo no local, como past\u00e9is, bebidas e lanches. A medida busca evitar aglomera\u00e7\u00e3o.<\/p>\n<p><strong>Fonte:\u00a0<\/strong>Assessoria<\/p>\n","protected":false},"excerpt":{"rendered":"<p>O Bairro de Lourdes recebeu na manh\u00e3 desta sexta-feira, 19, o comboio contra o coronav\u00edrus. A feira livre realizada no local foi o foco da a\u00e7\u00e3o, cujo objetivo \u00e9 conferir o cumprimento das regras relativas ao com\u00e9rcio em feiras, bem como o uso de m\u00e1scaras por parte de feirantes e consumidores. N\u00e3o houve qualquer registro [&hellip;]<\/p>\n","protected":false},"author":96,"featured_media":162673,"comment_status":"closed","ping_status":"closed","sticky":false,"template":"","format":"standard","meta":{"footnotes":""},"categories":[253,436,439],"tags":[],"class_list":["post-162672","post","type-post","status-publish","format-standard","has-post-thumbnail","hentry","category-cidade","category-destaque-da-semana","category-ultima-hora"],"_links":{"self":[{"href":"https:\/\/diarioregionaldigital.com.br\/index.php?rest_route=\/wp\/v2\/posts\/162672","targetHints":{"allow":["GET"]}}],"collection":[{"href":"https:\/\/diarioregionaldigital.com.br\/index.php?rest_route=\/wp\/v2\/posts"}],"about":[{"href":"https:\/\/diarioregionaldigital.com.br\/index.php?rest_route=\/wp\/v2\/types\/post"}],"author":[{"embeddable":true,"href":"https:\/\/diarioregionaldigital.com.br\/index.php?rest_route=\/wp\/v2\/users\/96"}],"replies":[{"embeddable":true,"href":"https:\/\/diarioregionaldigital.com.br\/index.php?rest_route=%2Fwp%2Fv2%2Fcomments&post=162672"}],"version-history":[{"count":0,"href":"https:\/\/diarioregionaldigital.com.br\/index.php?rest_route=\/wp\/v2\/posts\/162672\/revisions"}],"wp:featuredmedia":[{"embeddable":true,"href":"https:\/\/diarioregionaldigital.com.br\/index.php?rest_route=\/wp\/v2\/media\/162673"}],"wp:attachment":[{"href":"https:\/\/diarioregionaldigital.com.br\/index.php?rest_route=%2Fwp%2Fv2%2Fmedia&parent=162672"}],"wp:term":[{"taxonomy":"category","embeddable":true,"href":"https:\/\/diarioregionaldigital.com.br\/index.php?rest_route=%2Fwp%2Fv2%2Fcategories&post=162672"},{"taxonomy":"post_tag","embeddable":true,"href":"https:\/\/diarioregionaldigital.com.br\/index.php?rest_route=%2Fwp%2Fv2%2Ftags&post=162672"}],"curies":[{"name":"wp","href":"https:\/\/api.w.org\/{rel}","templated":true}]}}