{"id":162669,"date":"2020-06-19T17:59:14","date_gmt":"2020-06-19T20:59:14","guid":{"rendered":"https:\/\/diarioregionaldigital.com.br\/?p=162669"},"modified":"2020-06-19T17:59:14","modified_gmt":"2020-06-19T20:59:14","slug":"demlurb-segue-realizando-desinfeccao-em-diversos-pontos-da-cidade","status":"publish","type":"post","link":"https:\/\/diarioregionaldigital.com.br\/?p=162669","title":{"rendered":"Demlurb segue realizando desinfec\u00e7\u00e3o em diversos pontos da cidade"},"content":{"rendered":"<p>O Departamento Municipal de Limpeza Urbana (Demlurb), da Prefeitura de Juiz de Fora (PJF), continua realizando trabalho de desinfec\u00e7\u00e3o das ruas e dos locais de grande circula\u00e7\u00e3o de pessoas. O servi\u00e7o vem sendo feito desde 2 de abril, com utiliza\u00e7\u00e3o de hipoclorito de s\u00f3dio, produto apropriado para utiliza\u00e7\u00e3o total da \u00e1rea, de acordo com a Ag\u00eancia Nacional de Vigil\u00e2ncia Sanit\u00e1ria (Anvisa). Sua aplica\u00e7\u00e3o elimina bact\u00e9rias, v\u00edrus e microorganismos, garantindo qualidade na desinfec\u00e7\u00e3o. O trabalho faz parte do conjunto de atividades do Munic\u00edpio, para impedir a dissemina\u00e7\u00e3o da covid-19 (coronav\u00edrus).<\/p>\n<p>Os servi\u00e7os foram realizados no entorno da Unidade Regional Leste e dos hospitais \u201cAlbert Sabin\u201d, \u201cNove de Julho\u201d, Santa Casa de Miseric\u00f3rdia, Pronto Socorro \u201cDoutor Mozart Teixeira\u201d (HPS), Associa\u00e7\u00e3o Feminina de Preven\u00e7\u00e3o e Combate ao C\u00e2ncer (Ascomcer), Monte Sinai, Universit\u00e1rio, Doutor \u201cJo\u00e3o Fel\u00edcio\u201d e Maternidade &#8220;Therezinha de Jesus&#8221;, al\u00e9m das unidades de pronto atendimento (UPAs) de Santa Luzia, Benfica e S\u00e3o Pedro.<\/p>\n<p>Todos os pontos de \u00f4nibus, entre os bairros Bom Pastor e Manoel Hon\u00f3rio, na Avenida Rio Branco, foram higienizados e desinfectados. As ruas das \u00e1reas urbanas centrais que receberam o servi\u00e7o foram Francisco Bernardino, S\u00e3o Sebasti\u00e3o, Benjamim Colucci, Jarbas de Lery Santos, Halfeld (parte baixa, incluindo a ponte) e Travessa Dr. Prisco.<\/p>\n<p>Os trabalhos foram realizados tamb\u00e9m nas pra\u00e7as Te\u00f3philo, no Bairro Vitorino Braga, e Jos\u00e9 de Castro Barbosa, no Vila Ideal, e em tr\u00eas academias ao ar livre, entre elas, na Avenida Brasil, Vila Ideal, e pr\u00f3ximo ao Nossa Senhora de Lourdes.<\/p>\n<p>A desinfec\u00e7\u00e3o aconteceu tamb\u00e9m no Pelot\u00e3o de Emerg\u00eancias Ambientais e Resposta a Desastres (Pemad), no Bairro Santa Cruz, zona norte da cidade, na sede da C\u00e2mara Municipal (CMJF), nos setores administrativos no pr\u00e9dio do Instituto Nacional do Seguro Social (INSS), na Rua Marechal Deodoro, e no Centro de Aten\u00e7\u00e3o Psicossocial \u00c1lcool e Droga 3 (Caps AD 3).<\/p>\n<p>Todo procedimento de desinfec\u00e7\u00e3o dos locais citados foram realizados por servidores do Demlurb, devidamente capacitados e protegidos com equipamentos de seguran\u00e7a, como m\u00e1scaras e roupas espec\u00edficas e protetoras.<\/p>\n<p><strong>Fonte:\u00a0<\/strong>Assessoria<\/p>\n","protected":false},"excerpt":{"rendered":"<p>O Departamento Municipal de Limpeza Urbana (Demlurb), da Prefeitura de Juiz de Fora (PJF), continua realizando trabalho de desinfec\u00e7\u00e3o das ruas e dos locais de grande circula\u00e7\u00e3o de pessoas. O servi\u00e7o vem sendo feito desde 2 de abril, com utiliza\u00e7\u00e3o de hipoclorito de s\u00f3dio, produto apropriado para utiliza\u00e7\u00e3o total da \u00e1rea, de acordo com a [&hellip;]<\/p>\n","protected":false},"author":96,"featured_media":162670,"comment_status":"closed","ping_status":"closed","sticky":false,"template":"","format":"standard","meta":{"footnotes":""},"categories":[253,436,439],"tags":[],"class_list":["post-162669","post","type-post","status-publish","format-standard","has-post-thumbnail","hentry","category-cidade","category-destaque-da-semana","category-ultima-hora"],"_links":{"self":[{"href":"https:\/\/diarioregionaldigital.com.br\/index.php?rest_route=\/wp\/v2\/posts\/162669","targetHints":{"allow":["GET"]}}],"collection":[{"href":"https:\/\/diarioregionaldigital.com.br\/index.php?rest_route=\/wp\/v2\/posts"}],"about":[{"href":"https:\/\/diarioregionaldigital.com.br\/index.php?rest_route=\/wp\/v2\/types\/post"}],"author":[{"embeddable":true,"href":"https:\/\/diarioregionaldigital.com.br\/index.php?rest_route=\/wp\/v2\/users\/96"}],"replies":[{"embeddable":true,"href":"https:\/\/diarioregionaldigital.com.br\/index.php?rest_route=%2Fwp%2Fv2%2Fcomments&post=162669"}],"version-history":[{"count":0,"href":"https:\/\/diarioregionaldigital.com.br\/index.php?rest_route=\/wp\/v2\/posts\/162669\/revisions"}],"wp:featuredmedia":[{"embeddable":true,"href":"https:\/\/diarioregionaldigital.com.br\/index.php?rest_route=\/wp\/v2\/media\/162670"}],"wp:attachment":[{"href":"https:\/\/diarioregionaldigital.com.br\/index.php?rest_route=%2Fwp%2Fv2%2Fmedia&parent=162669"}],"wp:term":[{"taxonomy":"category","embeddable":true,"href":"https:\/\/diarioregionaldigital.com.br\/index.php?rest_route=%2Fwp%2Fv2%2Fcategories&post=162669"},{"taxonomy":"post_tag","embeddable":true,"href":"https:\/\/diarioregionaldigital.com.br\/index.php?rest_route=%2Fwp%2Fv2%2Ftags&post=162669"}],"curies":[{"name":"wp","href":"https:\/\/api.w.org\/{rel}","templated":true}]}}