{"id":162662,"date":"2020-06-19T17:56:45","date_gmt":"2020-06-19T20:56:45","guid":{"rendered":"https:\/\/diarioregionaldigital.com.br\/?p=162662"},"modified":"2020-06-19T17:56:45","modified_gmt":"2020-06-19T20:56:45","slug":"cesama-ja-concluiu-50-dos-novos-reservatorios-no-bairro-alto-bairu","status":"publish","type":"post","link":"https:\/\/diarioregionaldigital.com.br\/?p=162662","title":{"rendered":"Cesama j\u00e1 concluiu 50% dos novos reservat\u00f3rios no Bairro Alto Bairu"},"content":{"rendered":"<p>A Companhia de Saneamento Municipal (Cesama) j\u00e1 executou 50% das obras de implanta\u00e7\u00e3o de dois novos reservat\u00f3rios na Rua Jacobina Ant\u00f4nio Scoralick, na parte alta do Bairro Bairu. Juntas, as unidades ter\u00e3o capacidade de armazenar at\u00e9 1,4 milh\u00e3o de litros de \u00e1gua.<\/p>\n<p>Atualmente, a companhia est\u00e1 montando os pain\u00e9is laterais de um dos reservat\u00f3rios, al\u00e9m de ter finalizado recentemente a laje que forma o fundo do outro. Os trabalhos come\u00e7aram em janeiro e t\u00eam previs\u00e3o de conclus\u00e3o em meados de agosto.<\/p>\n<p>A a\u00e7\u00e3o representa um investimento de mais de R$ 1,5 milh\u00e3o e tem como objetivo ampliar a capacidade de acumula\u00e7\u00e3o do sistema para a \u00e1rea das comunidades dos bairros Bandeirantes, Bom Clima, Quintas da Avenida, Nossa Senhora das Gra\u00e7as, Eldorado, Bairu, Progresso, Marumbi e Santa Paula.<\/p>\n<p><strong>Fonte:\u00a0<\/strong>Assessoria<\/p>\n","protected":false},"excerpt":{"rendered":"<p>A Companhia de Saneamento Municipal (Cesama) j\u00e1 executou 50% das obras de implanta\u00e7\u00e3o de dois novos reservat\u00f3rios na Rua Jacobina Ant\u00f4nio Scoralick, na parte alta do Bairro Bairu. Juntas, as unidades ter\u00e3o capacidade de armazenar at\u00e9 1,4 milh\u00e3o de litros de \u00e1gua. Atualmente, a companhia est\u00e1 montando os pain\u00e9is laterais de um dos reservat\u00f3rios, al\u00e9m [&hellip;]<\/p>\n","protected":false},"author":96,"featured_media":162664,"comment_status":"closed","ping_status":"closed","sticky":false,"template":"","format":"standard","meta":{"footnotes":""},"categories":[253,436,439],"tags":[],"class_list":["post-162662","post","type-post","status-publish","format-standard","has-post-thumbnail","hentry","category-cidade","category-destaque-da-semana","category-ultima-hora"],"_links":{"self":[{"href":"https:\/\/diarioregionaldigital.com.br\/index.php?rest_route=\/wp\/v2\/posts\/162662","targetHints":{"allow":["GET"]}}],"collection":[{"href":"https:\/\/diarioregionaldigital.com.br\/index.php?rest_route=\/wp\/v2\/posts"}],"about":[{"href":"https:\/\/diarioregionaldigital.com.br\/index.php?rest_route=\/wp\/v2\/types\/post"}],"author":[{"embeddable":true,"href":"https:\/\/diarioregionaldigital.com.br\/index.php?rest_route=\/wp\/v2\/users\/96"}],"replies":[{"embeddable":true,"href":"https:\/\/diarioregionaldigital.com.br\/index.php?rest_route=%2Fwp%2Fv2%2Fcomments&post=162662"}],"version-history":[{"count":0,"href":"https:\/\/diarioregionaldigital.com.br\/index.php?rest_route=\/wp\/v2\/posts\/162662\/revisions"}],"wp:featuredmedia":[{"embeddable":true,"href":"https:\/\/diarioregionaldigital.com.br\/index.php?rest_route=\/wp\/v2\/media\/162664"}],"wp:attachment":[{"href":"https:\/\/diarioregionaldigital.com.br\/index.php?rest_route=%2Fwp%2Fv2%2Fmedia&parent=162662"}],"wp:term":[{"taxonomy":"category","embeddable":true,"href":"https:\/\/diarioregionaldigital.com.br\/index.php?rest_route=%2Fwp%2Fv2%2Fcategories&post=162662"},{"taxonomy":"post_tag","embeddable":true,"href":"https:\/\/diarioregionaldigital.com.br\/index.php?rest_route=%2Fwp%2Fv2%2Ftags&post=162662"}],"curies":[{"name":"wp","href":"https:\/\/api.w.org\/{rel}","templated":true}]}}