{"id":162659,"date":"2020-06-19T17:54:05","date_gmt":"2020-06-19T20:54:05","guid":{"rendered":"https:\/\/diarioregionaldigital.com.br\/?p=162659"},"modified":"2020-06-19T17:54:05","modified_gmt":"2020-06-19T20:54:05","slug":"settra-reforca-diversas-linhas-de-onibus","status":"publish","type":"post","link":"https:\/\/diarioregionaldigital.com.br\/?p=162659","title":{"rendered":"Settra refor\u00e7a diversas linhas de \u00f4nibus"},"content":{"rendered":"<p><span style=\"font-weight: 400;\">Nos \u00faltimos dias, a Secretaria de Transportes e Tr\u00e2nsito (Settra) da Prefeitura de Juiz de Fora (PJF) verificou aumento na demanda de passageiros do transporte coletivo urbano (TCU) em diversas linhas e, por esse motivo, a partir de segunda-feira, 22, v\u00e1rias regi\u00f5es receber\u00e3o refor\u00e7o no n\u00famero de carros rodando e\/ou no de viagens realizadas ao longo do dia.<\/span><\/p>\n<p><span style=\"font-weight: 400;\">A iniciativa visa atender melhor os usu\u00e1rios. A Settra segue monitorando as linhas de \u00f4nibus, atrav\u00e9s do seu sistema de bilhetagem eletr\u00f4nica e por meio de pesquisas na rua, realizadas pelos agentes de transporte e tr\u00e2nsito.<\/span><\/p>\n<p><span style=\"font-weight: 400;\">Com a mudan\u00e7a nos quadros, o sistema volta a ter tr\u00eas hor\u00e1rios distintos, sendo um para dias \u00fateis, outro para s\u00e1bados e o terceiro, para domingos e feriados. Todos os hor\u00e1rios est\u00e3o dispon\u00edveis no site da PJF, atrav\u00e9s do link pjf.mg.gov.br\/onibus\/itinerario, e em tempo real, no aplicativo CITTAMOBI.<\/span><\/p>\n<p><b>Linhas que receber\u00e3o refor\u00e7o:<\/b><\/p>\n<p><b>118<\/b><span style=\"font-weight: 400;\"> &#8211; Parque Independ\u00eancia\/Cidade Nova\/Vale Verde<\/span><\/p>\n<p><b>133<\/b><span style=\"font-weight: 400;\"> &#8211; Bandeirantes\/Ipiranga\/Arco-\u00cdris<\/span><\/p>\n<p><b>135<\/b><span style=\"font-weight: 400;\"> &#8211; Parque Guarani\/Sagrado Cora\u00e7\u00e3o de Jesus<\/span><\/p>\n<p><b>302<\/b><span style=\"font-weight: 400;\"> &#8211; Floresta<\/span><\/p>\n<p><b>440<\/b><span style=\"font-weight: 400;\"> &#8211; Santo Ant\u00f4nio<\/span><\/p>\n<p><b>432<\/b><span style=\"font-weight: 400;\"> &#8211; S\u00e3o Benedito<\/span><\/p>\n<p><b>520<\/b><span style=\"font-weight: 400;\"> &#8211; Aeroporto<\/span><\/p>\n<p><b>532<\/b><span style=\"font-weight: 400;\"> &#8211; S\u00e3o Pedro\/Cai\u00e7aras<\/span><\/p>\n<p><b>534<\/b><span style=\"font-weight: 400;\"> &#8211; Santos Dumont<\/span><\/p>\n<p><b>610<\/b><span style=\"font-weight: 400;\"> &#8211; Amaz\u00f4nia<\/span><\/p>\n<p><b>717<\/b><span style=\"font-weight: 400;\"> &#8211; Benfica<\/span><\/p>\n<p><b>739<\/b><span style=\"font-weight: 400;\"> &#8211; Nova Era<\/span><\/p>\n<p><b>733<\/b><span style=\"font-weight: 400;\"> &#8211; Santa Cruz<\/span><\/p>\n","protected":false},"excerpt":{"rendered":"<p>Nos \u00faltimos dias, a Secretaria de Transportes e Tr\u00e2nsito (Settra) da Prefeitura de Juiz de Fora (PJF) verificou aumento na demanda de passageiros do transporte coletivo urbano (TCU) em diversas linhas e, por esse motivo, a partir de segunda-feira, 22, v\u00e1rias regi\u00f5es receber\u00e3o refor\u00e7o no n\u00famero de carros rodando e\/ou no de viagens realizadas ao [&hellip;]<\/p>\n","protected":false},"author":96,"featured_media":155500,"comment_status":"closed","ping_status":"closed","sticky":false,"template":"","format":"standard","meta":{"footnotes":""},"categories":[253,436,439],"tags":[],"class_list":["post-162659","post","type-post","status-publish","format-standard","has-post-thumbnail","hentry","category-cidade","category-destaque-da-semana","category-ultima-hora"],"_links":{"self":[{"href":"https:\/\/diarioregionaldigital.com.br\/index.php?rest_route=\/wp\/v2\/posts\/162659","targetHints":{"allow":["GET"]}}],"collection":[{"href":"https:\/\/diarioregionaldigital.com.br\/index.php?rest_route=\/wp\/v2\/posts"}],"about":[{"href":"https:\/\/diarioregionaldigital.com.br\/index.php?rest_route=\/wp\/v2\/types\/post"}],"author":[{"embeddable":true,"href":"https:\/\/diarioregionaldigital.com.br\/index.php?rest_route=\/wp\/v2\/users\/96"}],"replies":[{"embeddable":true,"href":"https:\/\/diarioregionaldigital.com.br\/index.php?rest_route=%2Fwp%2Fv2%2Fcomments&post=162659"}],"version-history":[{"count":0,"href":"https:\/\/diarioregionaldigital.com.br\/index.php?rest_route=\/wp\/v2\/posts\/162659\/revisions"}],"wp:featuredmedia":[{"embeddable":true,"href":"https:\/\/diarioregionaldigital.com.br\/index.php?rest_route=\/wp\/v2\/media\/155500"}],"wp:attachment":[{"href":"https:\/\/diarioregionaldigital.com.br\/index.php?rest_route=%2Fwp%2Fv2%2Fmedia&parent=162659"}],"wp:term":[{"taxonomy":"category","embeddable":true,"href":"https:\/\/diarioregionaldigital.com.br\/index.php?rest_route=%2Fwp%2Fv2%2Fcategories&post=162659"},{"taxonomy":"post_tag","embeddable":true,"href":"https:\/\/diarioregionaldigital.com.br\/index.php?rest_route=%2Fwp%2Fv2%2Ftags&post=162659"}],"curies":[{"name":"wp","href":"https:\/\/api.w.org\/{rel}","templated":true}]}}