{"id":162657,"date":"2020-06-19T17:26:11","date_gmt":"2020-06-19T20:26:11","guid":{"rendered":"https:\/\/diarioregionaldigital.com.br\/?p=162657"},"modified":"2020-06-19T17:26:11","modified_gmt":"2020-06-19T20:26:11","slug":"pesquisadores-desenvolvem-ventilador-pulmonar-especifico-para-tratar-covid-19","status":"publish","type":"post","link":"https:\/\/diarioregionaldigital.com.br\/?p=162657","title":{"rendered":"Pesquisadores desenvolvem ventilador pulmonar espec\u00edfico para tratar Covid-19"},"content":{"rendered":"<p>Pesquisadores da Universidade Federal de Juiz de Fora (UFJF) desenvolvem um modelo de ventilador mec\u00e2nico de aplica\u00e7\u00e3o espec\u00edfica para a S\u00edndrome do Desconforto Respirat\u00f3rio Agudo (ARDS), que acomete pacientes com Covid-19 em estado moderado e grave. \u201cAs inova\u00e7\u00f5es do nosso projeto est\u00e3o no desenvolvimento de sensoriamento e atua\u00e7\u00e3o mais avan\u00e7ados em rela\u00e7\u00e3o a alguns modelos emergenciais, com um custo mais competitivo do que o observado em modelos\u00a0comerciais de mesma capacidade\u201d, explica o professor da Faculdade de Engenharia,\u00a0Exuperry Costa.<\/p>\n<p>De acordo com o pesquisador, este foco do Ventilador Mec\u00e2nico Eletropneum\u00e1tico Simples (VMEPS), como foi denominado o equipamento desenvolvido pela equipe, simplifica a constru\u00e7\u00e3o desse aparelho espec\u00edfico, aumenta a velocidade de fabrica\u00e7\u00e3o e prioriza a ind\u00fastria nacional, demonstrando os resultados de pesquisas emergenciais desenvolvidas na universidade p\u00fablica. \u201cV\u00e1rias iniciativas de respiradores emergenciais s\u00e3o baseadas na automatiza\u00e7\u00e3o de uma bolsa de reanima\u00e7\u00e3o manual devido ao baixo custo. Nossa iniciativa, por outro lado, \u00e9 baseada em pneum\u00e1tica, utilizando das linhas de oxig\u00eanio e ar hospitalar comumente dispon\u00edveis nos leitos de hospital.\u201d Atualmente, o projeto \u00e9 coordenado pelo professor\u00a0Pedro Almeida\u00a0e est\u00e1 em fase de testes de desenvolvimento e elabora\u00e7\u00e3o de design.<\/p>\n<p>Com o aumento da demanda mundial devido \u00e0 pandemia do novo coronav\u00edrus, o n\u00famero de ventiladores mec\u00e2nicos est\u00e1 sendo insuficiente para atender todos os pa\u00edses \u2013 e o Brasil, por n\u00e3o ser autossuficiente na produ\u00e7\u00e3o deste equipamento, depende da importa\u00e7\u00e3o de pa\u00edses como a China e os Estados Unidos, que tamb\u00e9m possuem suas pr\u00f3prias car\u00eancias e priorizam suas necessidades internas.<\/p>\n<p>Outro fator agravante, como destaca a equipe de pesquisadores, \u00e9 o custo elevado dos ventiladores mec\u00e2nicos que, em parte, pode ser justificado pela flexibilidade desses aparelhos: o modelo comercial atende v\u00e1rios sintomas pulmonares causados por diferentes cen\u00e1rios e enfermidades, n\u00e3o limitando-se \u00e0s exig\u00eancias de tratamento da Covid-19. Sabendo disto, o modelo proposto pelos pesquisadores \u00e9 compat\u00edvel somente com as necessidades do suporte ventilat\u00f3rio de pacientes com S\u00edndrome do Desconforto Respirat\u00f3rio Agudo.<\/p>\n<p>O VMEPS foi desenvolvido por uma equipe da UFJF em parceria com profissionais de institui\u00e7\u00f5es de ensino e de sa\u00fade, ligadas ao Sistema \u00danico de Sa\u00fade (SUS). Os pesquisadores tamb\u00e9m contam com o aux\u00edlio do Centro Regional de Inova\u00e7\u00e3o e Transfer\u00eancia de Tecnologia (Critt) da UFJF, para a transfer\u00eancia da tecnologia do projeto, e da empresa local Protmat, para a acelera\u00e7\u00e3o do desenvolvimento do modelo.<\/p>\n<p>\u201cTodos temos que ser criativos para enfrentar esses desafios, no \u00e2mbito p\u00fablico e privado. N\u00f3s, na UFJF, estamos nos esfor\u00e7ando bastante para entregar para sociedade respostas a esses desafios. Estamos desenvolvendo v\u00e1rias t\u00e9cnicas e equipamentos, oferecendo aux\u00edlio \u00e0s pessoas, produzindo \u00e1lcool gel, insumos de higiene. Outros grupos est\u00e3o realizando a testagem de Covid-19 em nossos laborat\u00f3rios, o que aumentou a capacidade da cidade\u201d, destaca o professor Exuperry Costa. \u201cN\u00f3s temos uma estrutura muito boa e profissionais muito dedicados. \u00c9 muito importante desenvolver essas atividades de modo inovador e eficiente, e que cada um fa\u00e7a sua parte tamb\u00e9m: que quem puder, fique em casa e respeite os protocolos de afastamento social, porque isso salva vidas.\u201d<\/p>\n<p><strong>Fonte:\u00a0<\/strong>Assessoria<\/p>\n","protected":false},"excerpt":{"rendered":"<p>Pesquisadores da Universidade Federal de Juiz de Fora (UFJF) desenvolvem um modelo de ventilador mec\u00e2nico de aplica\u00e7\u00e3o espec\u00edfica para a S\u00edndrome do Desconforto Respirat\u00f3rio Agudo (ARDS), que acomete pacientes com Covid-19 em estado moderado e grave. \u201cAs inova\u00e7\u00f5es do nosso projeto est\u00e3o no desenvolvimento de sensoriamento e atua\u00e7\u00e3o mais avan\u00e7ados em rela\u00e7\u00e3o a alguns modelos [&hellip;]<\/p>\n","protected":false},"author":96,"featured_media":161034,"comment_status":"closed","ping_status":"closed","sticky":false,"template":"","format":"standard","meta":{"footnotes":""},"categories":[253,436,439],"tags":[],"class_list":["post-162657","post","type-post","status-publish","format-standard","has-post-thumbnail","hentry","category-cidade","category-destaque-da-semana","category-ultima-hora"],"_links":{"self":[{"href":"https:\/\/diarioregionaldigital.com.br\/index.php?rest_route=\/wp\/v2\/posts\/162657","targetHints":{"allow":["GET"]}}],"collection":[{"href":"https:\/\/diarioregionaldigital.com.br\/index.php?rest_route=\/wp\/v2\/posts"}],"about":[{"href":"https:\/\/diarioregionaldigital.com.br\/index.php?rest_route=\/wp\/v2\/types\/post"}],"author":[{"embeddable":true,"href":"https:\/\/diarioregionaldigital.com.br\/index.php?rest_route=\/wp\/v2\/users\/96"}],"replies":[{"embeddable":true,"href":"https:\/\/diarioregionaldigital.com.br\/index.php?rest_route=%2Fwp%2Fv2%2Fcomments&post=162657"}],"version-history":[{"count":0,"href":"https:\/\/diarioregionaldigital.com.br\/index.php?rest_route=\/wp\/v2\/posts\/162657\/revisions"}],"wp:featuredmedia":[{"embeddable":true,"href":"https:\/\/diarioregionaldigital.com.br\/index.php?rest_route=\/wp\/v2\/media\/161034"}],"wp:attachment":[{"href":"https:\/\/diarioregionaldigital.com.br\/index.php?rest_route=%2Fwp%2Fv2%2Fmedia&parent=162657"}],"wp:term":[{"taxonomy":"category","embeddable":true,"href":"https:\/\/diarioregionaldigital.com.br\/index.php?rest_route=%2Fwp%2Fv2%2Fcategories&post=162657"},{"taxonomy":"post_tag","embeddable":true,"href":"https:\/\/diarioregionaldigital.com.br\/index.php?rest_route=%2Fwp%2Fv2%2Ftags&post=162657"}],"curies":[{"name":"wp","href":"https:\/\/api.w.org\/{rel}","templated":true}]}}