{"id":162654,"date":"2020-06-19T17:21:15","date_gmt":"2020-06-19T20:21:15","guid":{"rendered":"https:\/\/diarioregionaldigital.com.br\/?p=162654"},"modified":"2020-06-19T17:21:15","modified_gmt":"2020-06-19T20:21:15","slug":"homem-e-preso-por-matar-esposa-a-facadas","status":"publish","type":"post","link":"https:\/\/diarioregionaldigital.com.br\/?p=162654","title":{"rendered":"Homem \u00e9 preso por matar esposa a facadas"},"content":{"rendered":"<p><span style=\"font-weight: 400;\">A Pol\u00edcia Civil de Minas Gerais (PCMG), prendeu um homem de 38 anos, suspeito de assassinar a pr\u00f3pria esposa, 37 anos, com facadas, crime ocorrido no \u00faltimo dia 11 desse m\u00eas, no Bairro Marumbi em Juiz de Fora. O motivo do crime seria passional<\/span><\/p>\n<p><span style=\"font-weight: 400;\">Segundo informa\u00e7\u00f5es do Delegado da Delegacia Especializada de Homic\u00eddios, Rodrigo Rolli, o mandado de pris\u00e3o preventiva contra o autor do crime, foi expedida pela Justi\u00e7a e ap\u00f3s apura\u00e7\u00f5es feitas pela PCMG, o suspeito foi encontrado no munic\u00edpio de Ch\u00e1cara.<\/span><\/p>\n<p><span style=\"font-weight: 400;\">Conforme autoridade policial, o homem confessou o crime e testemunhas j\u00e1 foram ouvidas, inclusive, o filho do casal, que teria presenciado os fatos. O autor do crime foi encaminhado para o Sistema Prisional, permanecendo \u00e0 disposi\u00e7\u00e3o da Justi\u00e7a.<\/span><\/p>\n<p><b>O crime<\/b><\/p>\n<p><span style=\"font-weight: 400;\">No \u00faltimo dia 11 desse m\u00eas, casal tinha ido a uma festa no Bairro Marumbi. <\/span><span style=\"font-weight: 400;\">Quando retornaram \u00e0 sua resid\u00eancia, o homem recebeu fotos em seu celular de uma mulher com o rosto coberto e foi constatado que seria sua esposa e por ci\u00fames lan\u00e7ou m\u00e3o de uma faca e a golpeou. V\u00edtima passou por uma interven\u00e7\u00e3o cir\u00fargica no HPS, contudo, n\u00e3o resistiu aos ferimentos e morreu no local. Autor fugiu do local em uma motocicleta tomando rumo ignorado.<\/span><\/p>\n","protected":false},"excerpt":{"rendered":"<p>A Pol\u00edcia Civil de Minas Gerais (PCMG), prendeu um homem de 38 anos, suspeito de assassinar a pr\u00f3pria esposa, 37 anos, com facadas, crime ocorrido no \u00faltimo dia 11 desse m\u00eas, no Bairro Marumbi em Juiz de Fora. O motivo do crime seria passional Segundo informa\u00e7\u00f5es do Delegado da Delegacia Especializada de Homic\u00eddios, Rodrigo Rolli, [&hellip;]<\/p>\n","protected":false},"author":96,"featured_media":162655,"comment_status":"closed","ping_status":"closed","sticky":false,"template":"","format":"standard","meta":{"footnotes":""},"categories":[301,436,439],"tags":[],"class_list":["post-162654","post","type-post","status-publish","format-standard","has-post-thumbnail","hentry","category-artigos-policiais","category-destaque-da-semana","category-ultima-hora"],"_links":{"self":[{"href":"https:\/\/diarioregionaldigital.com.br\/index.php?rest_route=\/wp\/v2\/posts\/162654","targetHints":{"allow":["GET"]}}],"collection":[{"href":"https:\/\/diarioregionaldigital.com.br\/index.php?rest_route=\/wp\/v2\/posts"}],"about":[{"href":"https:\/\/diarioregionaldigital.com.br\/index.php?rest_route=\/wp\/v2\/types\/post"}],"author":[{"embeddable":true,"href":"https:\/\/diarioregionaldigital.com.br\/index.php?rest_route=\/wp\/v2\/users\/96"}],"replies":[{"embeddable":true,"href":"https:\/\/diarioregionaldigital.com.br\/index.php?rest_route=%2Fwp%2Fv2%2Fcomments&post=162654"}],"version-history":[{"count":0,"href":"https:\/\/diarioregionaldigital.com.br\/index.php?rest_route=\/wp\/v2\/posts\/162654\/revisions"}],"wp:featuredmedia":[{"embeddable":true,"href":"https:\/\/diarioregionaldigital.com.br\/index.php?rest_route=\/wp\/v2\/media\/162655"}],"wp:attachment":[{"href":"https:\/\/diarioregionaldigital.com.br\/index.php?rest_route=%2Fwp%2Fv2%2Fmedia&parent=162654"}],"wp:term":[{"taxonomy":"category","embeddable":true,"href":"https:\/\/diarioregionaldigital.com.br\/index.php?rest_route=%2Fwp%2Fv2%2Fcategories&post=162654"},{"taxonomy":"post_tag","embeddable":true,"href":"https:\/\/diarioregionaldigital.com.br\/index.php?rest_route=%2Fwp%2Fv2%2Ftags&post=162654"}],"curies":[{"name":"wp","href":"https:\/\/api.w.org\/{rel}","templated":true}]}}