{"id":162651,"date":"2020-06-19T16:21:09","date_gmt":"2020-06-19T19:21:09","guid":{"rendered":"https:\/\/diarioregionaldigital.com.br\/?p=162651"},"modified":"2020-06-19T16:21:09","modified_gmt":"2020-06-19T19:21:09","slug":"laboratorios-de-testagem-de-covid-19-da-ufjf-recebem-membros-da-organizacao-pan-americana-de-saude","status":"publish","type":"post","link":"https:\/\/diarioregionaldigital.com.br\/?p=162651","title":{"rendered":"Laborat\u00f3rios de testagem de Covid-19 da UFJF recebem membros da Organiza\u00e7\u00e3o Pan-Americana de Sa\u00fade"},"content":{"rendered":"<p><span style=\"font-weight: 400;\">Os <\/span><span style=\"font-weight: 400;\">laborat\u00f3rios da Faculdade de Farm\u00e1cia e do Instituto de Ci\u00eancias Biol\u00f3gicas da Universidade Federal de Juiz de Fora (UFJF), receberam a visita de membros da Organiza\u00e7\u00e3o Pan-Americana de Sa\u00fade (OPAS\/OMS). Objetivo da visita \u00e9 verificar as condi\u00e7\u00f5es de opera\u00e7\u00e3o dos laborat\u00f3rios, que s\u00e3o refer\u00eancia para Juiz de Fora.\u00a0<\/span><\/p>\n<p><span style=\"font-weight: 400;\">Durante a visita, os pesquisadores das unidades laboratoriais, responderam a um checklist com quest\u00f5es relacionadas ao funcionamento das instala\u00e7\u00f5es. Segundo o pesquisador e professor do curso de Farm\u00e1cia, Marcelo Silv\u00e9rio, diz que as avalia\u00e7\u00f5es foram positivas e o resultado demonstra a qualidade de todo o trabalho feito pelas equipes de pesquisa:<\/span><\/p>\n<p><span style=\"font-weight: 400;\">\u201cConseguimos alcan\u00e7ar nosso objetivo, que foi demonstrar nossa capacidade t\u00e9cnica, a qualidade do nosso trabalho e equipe, todos os cuidados com o processamento das amostras, velocidade dos resultados para a Prefeitura de Juiz de Fora e o bom alinhamento com a Secretaria de Sa\u00fade.\u201d<\/span><\/p>\n<p><span style=\"font-weight: 400;\">J\u00e1 o Diretor do Instituto de Ci\u00eancias Biol\u00f3gicas (ICB), Lyderson Viccini, afirma que a visita dos membros da Organiza\u00e7\u00e3o Pan-Americana foi bastante produtiva e valoriza a presen\u00e7a de um \u00f3rg\u00e3o internacional na institui\u00e7\u00e3o:<\/span><\/p>\n<p><span style=\"font-weight: 400;\">\u201cConsidero que tenha sido uma \u00f3tima oportunidade, pois atrav\u00e9s deste encontro pudemos ter contato com um \u00f3rg\u00e3o internacional, dividindo as experi\u00eancias e contribui\u00e7\u00f5es no combate \u00e0 Covid-19 por meio dos testes diagn\u00f3sticos\u201d,<\/span><\/p>\n<p><span style=\"font-weight: 400;\">Recentemente os laborat\u00f3rios da UFJF foram reconhecidos pela aptid\u00e3o em realizar os testes de Covid-19 e tamb\u00e9m no comprometimento com o trabalho. A honraria foi feita <\/span><span style=\"font-weight: 400;\">pela Funda\u00e7\u00e3o Ezequiel Dias (Funed), vinculada \u00e0 Secretaria de Estado de Sa\u00fade de Minas Gerais.<\/span><\/p>\n","protected":false},"excerpt":{"rendered":"<p>Os laborat\u00f3rios da Faculdade de Farm\u00e1cia e do Instituto de Ci\u00eancias Biol\u00f3gicas da Universidade Federal de Juiz de Fora (UFJF), receberam a visita de membros da Organiza\u00e7\u00e3o Pan-Americana de Sa\u00fade (OPAS\/OMS). Objetivo da visita \u00e9 verificar as condi\u00e7\u00f5es de opera\u00e7\u00e3o dos laborat\u00f3rios, que s\u00e3o refer\u00eancia para Juiz de Fora.\u00a0 Durante a visita, os pesquisadores das [&hellip;]<\/p>\n","protected":false},"author":96,"featured_media":162652,"comment_status":"closed","ping_status":"closed","sticky":false,"template":"","format":"standard","meta":{"footnotes":""},"categories":[253,436,440,439],"tags":[],"class_list":["post-162651","post","type-post","status-publish","format-standard","has-post-thumbnail","hentry","category-cidade","category-destaque-da-semana","category-destaques-do-dia","category-ultima-hora"],"_links":{"self":[{"href":"https:\/\/diarioregionaldigital.com.br\/index.php?rest_route=\/wp\/v2\/posts\/162651","targetHints":{"allow":["GET"]}}],"collection":[{"href":"https:\/\/diarioregionaldigital.com.br\/index.php?rest_route=\/wp\/v2\/posts"}],"about":[{"href":"https:\/\/diarioregionaldigital.com.br\/index.php?rest_route=\/wp\/v2\/types\/post"}],"author":[{"embeddable":true,"href":"https:\/\/diarioregionaldigital.com.br\/index.php?rest_route=\/wp\/v2\/users\/96"}],"replies":[{"embeddable":true,"href":"https:\/\/diarioregionaldigital.com.br\/index.php?rest_route=%2Fwp%2Fv2%2Fcomments&post=162651"}],"version-history":[{"count":0,"href":"https:\/\/diarioregionaldigital.com.br\/index.php?rest_route=\/wp\/v2\/posts\/162651\/revisions"}],"wp:featuredmedia":[{"embeddable":true,"href":"https:\/\/diarioregionaldigital.com.br\/index.php?rest_route=\/wp\/v2\/media\/162652"}],"wp:attachment":[{"href":"https:\/\/diarioregionaldigital.com.br\/index.php?rest_route=%2Fwp%2Fv2%2Fmedia&parent=162651"}],"wp:term":[{"taxonomy":"category","embeddable":true,"href":"https:\/\/diarioregionaldigital.com.br\/index.php?rest_route=%2Fwp%2Fv2%2Fcategories&post=162651"},{"taxonomy":"post_tag","embeddable":true,"href":"https:\/\/diarioregionaldigital.com.br\/index.php?rest_route=%2Fwp%2Fv2%2Ftags&post=162651"}],"curies":[{"name":"wp","href":"https:\/\/api.w.org\/{rel}","templated":true}]}}