{"id":162648,"date":"2020-06-19T15:33:57","date_gmt":"2020-06-19T18:33:57","guid":{"rendered":"https:\/\/diarioregionaldigital.com.br\/?p=162648"},"modified":"2020-06-19T15:33:57","modified_gmt":"2020-06-19T18:33:57","slug":"neymar-e-ordenado-a-devolver-r40-milhoes-ao-barcelona","status":"publish","type":"post","link":"https:\/\/diarioregionaldigital.com.br\/?p=162648","title":{"rendered":"Neymar \u00e9 ordenado a devolver R$40 milh\u00f5es ao Barcelona"},"content":{"rendered":"<p><span style=\"font-weight: 400;\">O jogador Neymar, do Paris Saint-Germain, foi ordenado pela Justi\u00e7a da Espanha, a devolver o valor de R$ 40 milh\u00f5es ao Barcelona, referente ao <\/span><span style=\"font-weight: 400;\">b\u00f4nus de renova\u00e7\u00e3o contratual antes de sua sa\u00edda do clube catal\u00e3o. Diante da decis\u00e3o, o Barcelona comemorou em nota oficial:<\/span><\/p>\n<p><span style=\"font-weight: 400;\">\u201cO Barcelona expressa sua satisfa\u00e7\u00e3o pela senten\u00e7a ditada hoje no Tribunal Social 15 de Barcelona, com rela\u00e7\u00e3o \u00e0s demandas colocadas entre o Barcelona e o jogador Neymar Jr, em reclama\u00e7\u00e3o \u00e0 quantidade de ressarcimento pelo b\u00f4nus de assinatura da \u00faltima renova\u00e7\u00e3o contratual\u201d &#8211; diz o comunicado.<\/span><\/p>\n<p><span style=\"font-weight: 400;\">O imbr\u00f3glio entre o atacante brasileiro e o clube catal\u00e3o, teve in\u00edcio no meio do ano de 2017, quando o atleta se transferiu para o PSG. No entanto, o v\u00ednculo do brasileiro tinha sido renovado at\u00e9 2021 e o acordo foi assinado em 2016. O b\u00f4nus pela renova\u00e7\u00e3o foi paga pelo Barcelona, em meio a rumores de uma poss\u00edvel sa\u00edda do atleta, durante a janela de transfer\u00eancia da Europa.<\/span><\/p>\n<p><span style=\"font-weight: 400;\">Algum tempo depois, Neymar acionou o Barcelona pelo pagamento integral do b\u00f4nus e o caso chegou a tramitar na FIFA, antes de chegar a Justi\u00e7a da Espanha. Em 2019, ap\u00f3s a negocia\u00e7\u00e3o para que o atacante voltasse ao Camp Nou, houve uma tentativa de acordo &#8211; que n\u00e3o teve sucesso. Na ocasi\u00e3o, o Bar\u00e7a cobrou de Neymar R$ 135,2 milh\u00f5es, alegando o n\u00e3o-cumprimento de seu contrato, enquanto os advogados de Neymar solicitaram o pagamento de R$ 262 milh\u00f5es, relativo ao b\u00f4nus original junto aos impostos.<\/span><\/p>\n","protected":false},"excerpt":{"rendered":"<p>O jogador Neymar, do Paris Saint-Germain, foi ordenado pela Justi\u00e7a da Espanha, a devolver o valor de R$ 40 milh\u00f5es ao Barcelona, referente ao b\u00f4nus de renova\u00e7\u00e3o contratual antes de sua sa\u00edda do clube catal\u00e3o. Diante da decis\u00e3o, o Barcelona comemorou em nota oficial: \u201cO Barcelona expressa sua satisfa\u00e7\u00e3o pela senten\u00e7a ditada hoje no Tribunal [&hellip;]<\/p>\n","protected":false},"author":96,"featured_media":162649,"comment_status":"closed","ping_status":"closed","sticky":false,"template":"","format":"standard","meta":{"footnotes":""},"categories":[436,257,439],"tags":[],"class_list":["post-162648","post","type-post","status-publish","format-standard","has-post-thumbnail","hentry","category-destaque-da-semana","category-esporte","category-ultima-hora"],"_links":{"self":[{"href":"https:\/\/diarioregionaldigital.com.br\/index.php?rest_route=\/wp\/v2\/posts\/162648","targetHints":{"allow":["GET"]}}],"collection":[{"href":"https:\/\/diarioregionaldigital.com.br\/index.php?rest_route=\/wp\/v2\/posts"}],"about":[{"href":"https:\/\/diarioregionaldigital.com.br\/index.php?rest_route=\/wp\/v2\/types\/post"}],"author":[{"embeddable":true,"href":"https:\/\/diarioregionaldigital.com.br\/index.php?rest_route=\/wp\/v2\/users\/96"}],"replies":[{"embeddable":true,"href":"https:\/\/diarioregionaldigital.com.br\/index.php?rest_route=%2Fwp%2Fv2%2Fcomments&post=162648"}],"version-history":[{"count":0,"href":"https:\/\/diarioregionaldigital.com.br\/index.php?rest_route=\/wp\/v2\/posts\/162648\/revisions"}],"wp:featuredmedia":[{"embeddable":true,"href":"https:\/\/diarioregionaldigital.com.br\/index.php?rest_route=\/wp\/v2\/media\/162649"}],"wp:attachment":[{"href":"https:\/\/diarioregionaldigital.com.br\/index.php?rest_route=%2Fwp%2Fv2%2Fmedia&parent=162648"}],"wp:term":[{"taxonomy":"category","embeddable":true,"href":"https:\/\/diarioregionaldigital.com.br\/index.php?rest_route=%2Fwp%2Fv2%2Fcategories&post=162648"},{"taxonomy":"post_tag","embeddable":true,"href":"https:\/\/diarioregionaldigital.com.br\/index.php?rest_route=%2Fwp%2Fv2%2Ftags&post=162648"}],"curies":[{"name":"wp","href":"https:\/\/api.w.org\/{rel}","templated":true}]}}