{"id":162645,"date":"2020-06-19T15:07:12","date_gmt":"2020-06-19T18:07:12","guid":{"rendered":"https:\/\/diarioregionaldigital.com.br\/?p=162645"},"modified":"2020-06-19T15:07:12","modified_gmt":"2020-06-19T18:07:12","slug":"circuito-de-mugello-na-italia-deve-entrar-pro-calendario-2020-da-f1","status":"publish","type":"post","link":"https:\/\/diarioregionaldigital.com.br\/?p=162645","title":{"rendered":"Circuito de Mugello na It\u00e1lia deve entrar pro calend\u00e1rio 2020 da F1"},"content":{"rendered":"<p><span style=\"font-weight: 400;\">Durante uma entrevista para a TV italiana <\/span><i><span style=\"font-weight: 400;\">Sky Sports, <\/span><\/i><span style=\"font-weight: 400;\">o prefeito de Floren\u00e7a, Dario Nardella, afirmou que o Circuito de Mugello pode integrar ao calend\u00e1rio 2020 da F1. Devido \u00e0s mudan\u00e7as decorrentes da pandemia do Coronav\u00edrus, a pista de propriedade da Ferrari, deve receber a prova na semana seguinte \u00e0 corrida em Monza.<\/span><\/p>\n<p><span style=\"font-weight: 400;\">Ap\u00f3s anunciar os cancelamentos das etapas de Singapura, Azerbaij\u00e3o e Jap\u00e3o, os dirigentes da F1 estudam alternativas para complementar o calend\u00e1rio da temporada. Se Mugello for confirmado, a Ferrari <\/span><span style=\"font-weight: 400;\">completaria, simbolicamente, sua mil\u00e9sima corrida na F\u00f3rmula 1 &#8220;em casa&#8221;. O prefeito Dario Nardella falou sobre essa possibilidade do circuito receber a categoria m\u00e1xima do automobilismo mundial:<\/span><\/p>\n<p><span style=\"font-weight: 400;\">\u201cUm segundo GP de F1 na It\u00e1lia \u00e9 praticamente certo, para que possamos finalmente competir por uma vaga no calend\u00e1rio. Seria hist\u00f3rico, tanto para o automobilismo internacional quanto para a pr\u00f3pria Floren\u00e7a.\u201d\u00a0<\/span><\/p>\n<p><span style=\"font-weight: 400;\">At\u00e9 o momento, oito provas est\u00e3o confirmadas para esta temporada da F1. A ideia da Federa\u00e7\u00e3o Internacional de Automobilismo (FIA) \u00e9 fechar o ano com no m\u00ednimo 15 grandes pr\u00eamios.\u00a0<\/span><\/p>\n<p><b>Confira parte do calend\u00e1rio da temporada:<\/b><\/p>\n<table>\n<tbody>\n<tr>\n<td><span style=\"font-weight: 400;\">DATA<\/span><\/td>\n<td><span style=\"font-weight: 400;\">CORRIDA<\/span><\/td>\n<td><span style=\"font-weight: 400;\">CIRCUITO<\/span><\/td>\n<\/tr>\n<tr>\n<td><span style=\"font-weight: 400;\">5 DE JULHO<\/span><\/td>\n<td><span style=\"font-weight: 400;\">GP DA \u00c1USTRIA<\/span><\/td>\n<td><span style=\"font-weight: 400;\">RED BULL RING<\/span><\/td>\n<\/tr>\n<tr>\n<td><span style=\"font-weight: 400;\">12 DE JULHO<\/span><\/td>\n<td><span style=\"font-weight: 400;\">GP DA \u00c1USTRIA<\/span><\/td>\n<td><span style=\"font-weight: 400;\">RED BULL RING<\/span><\/td>\n<\/tr>\n<tr>\n<td><span style=\"font-weight: 400;\">19 DE JULHO<\/span><\/td>\n<td><span style=\"font-weight: 400;\">GP DA HUNGRIA<\/span><\/td>\n<td><span style=\"font-weight: 400;\">HUNGARORING<\/span><\/td>\n<\/tr>\n<tr>\n<td><span style=\"font-weight: 400;\">2 DE AGOSTO<\/span><\/td>\n<td><span style=\"font-weight: 400;\">GP DA INGLATERRA<\/span><\/td>\n<td><span style=\"font-weight: 400;\">SILVERSTONE<\/span><\/td>\n<\/tr>\n<tr>\n<td><span style=\"font-weight: 400;\">9 DE AGOSTO<\/span><\/td>\n<td><span style=\"font-weight: 400;\">GP 70\u00ba ANIVERS\u00c1RIO DA F1<\/span><\/td>\n<td><span style=\"font-weight: 400;\">SILVERSTONE<\/span><\/td>\n<\/tr>\n<tr>\n<td><span style=\"font-weight: 400;\">16 DE AGOSTO<\/span><\/td>\n<td><span style=\"font-weight: 400;\">GP DA ESPANHA<\/span><\/td>\n<td><span style=\"font-weight: 400;\">BARCELONA<\/span><\/td>\n<\/tr>\n<tr>\n<td><span style=\"font-weight: 400;\">30 DE AGOSTO<\/span><\/td>\n<td><span style=\"font-weight: 400;\">GP DA B\u00c9LGICA<\/span><\/td>\n<td><span style=\"font-weight: 400;\">SPA-FRANCORCHAMPS<\/span><\/td>\n<\/tr>\n<tr>\n<td><span style=\"font-weight: 400;\">6 DE SETEMBRO<\/span><\/td>\n<td><span style=\"font-weight: 400;\">GP DA IT\u00c1LIA\u00a0<\/span><\/td>\n<td><span style=\"font-weight: 400;\">MONZA<\/span><\/td>\n<\/tr>\n<\/tbody>\n<\/table>\n<p>&nbsp;<\/p>\n<p><b>Circuito de Mugello<\/b><\/p>\n<p><span style=\"font-weight: 400;\">A pista italiana est\u00e1 localizada a 30 Km de Floren\u00e7a e foi inaugurado em 1974. O tra\u00e7ado tem 5,2 Km de extens\u00e3o e conta com 14 curvas. Atualmente recebe provas da Motogp e \u00e9 utilizada pela Ferrari para promover eventos da pr\u00f3pria escuderia.<\/span><\/p>\n","protected":false},"excerpt":{"rendered":"<p>Durante uma entrevista para a TV italiana Sky Sports, o prefeito de Floren\u00e7a, Dario Nardella, afirmou que o Circuito de Mugello pode integrar ao calend\u00e1rio 2020 da F1. Devido \u00e0s mudan\u00e7as decorrentes da pandemia do Coronav\u00edrus, a pista de propriedade da Ferrari, deve receber a prova na semana seguinte \u00e0 corrida em Monza. Ap\u00f3s anunciar [&hellip;]<\/p>\n","protected":false},"author":96,"featured_media":162646,"comment_status":"closed","ping_status":"closed","sticky":false,"template":"","format":"standard","meta":{"footnotes":""},"categories":[436,257,439],"tags":[],"class_list":["post-162645","post","type-post","status-publish","format-standard","has-post-thumbnail","hentry","category-destaque-da-semana","category-esporte","category-ultima-hora"],"_links":{"self":[{"href":"https:\/\/diarioregionaldigital.com.br\/index.php?rest_route=\/wp\/v2\/posts\/162645","targetHints":{"allow":["GET"]}}],"collection":[{"href":"https:\/\/diarioregionaldigital.com.br\/index.php?rest_route=\/wp\/v2\/posts"}],"about":[{"href":"https:\/\/diarioregionaldigital.com.br\/index.php?rest_route=\/wp\/v2\/types\/post"}],"author":[{"embeddable":true,"href":"https:\/\/diarioregionaldigital.com.br\/index.php?rest_route=\/wp\/v2\/users\/96"}],"replies":[{"embeddable":true,"href":"https:\/\/diarioregionaldigital.com.br\/index.php?rest_route=%2Fwp%2Fv2%2Fcomments&post=162645"}],"version-history":[{"count":0,"href":"https:\/\/diarioregionaldigital.com.br\/index.php?rest_route=\/wp\/v2\/posts\/162645\/revisions"}],"wp:featuredmedia":[{"embeddable":true,"href":"https:\/\/diarioregionaldigital.com.br\/index.php?rest_route=\/wp\/v2\/media\/162646"}],"wp:attachment":[{"href":"https:\/\/diarioregionaldigital.com.br\/index.php?rest_route=%2Fwp%2Fv2%2Fmedia&parent=162645"}],"wp:term":[{"taxonomy":"category","embeddable":true,"href":"https:\/\/diarioregionaldigital.com.br\/index.php?rest_route=%2Fwp%2Fv2%2Fcategories&post=162645"},{"taxonomy":"post_tag","embeddable":true,"href":"https:\/\/diarioregionaldigital.com.br\/index.php?rest_route=%2Fwp%2Fv2%2Ftags&post=162645"}],"curies":[{"name":"wp","href":"https:\/\/api.w.org\/{rel}","templated":true}]}}