{"id":162642,"date":"2020-06-19T14:24:25","date_gmt":"2020-06-19T17:24:25","guid":{"rendered":"https:\/\/diarioregionaldigital.com.br\/?p=162642"},"modified":"2020-06-19T14:24:25","modified_gmt":"2020-06-19T17:24:25","slug":"brasil-ja-tem-207-atletas-confirmados-de-15-modalidades-para-treinos-na-europa","status":"publish","type":"post","link":"https:\/\/diarioregionaldigital.com.br\/?p=162642","title":{"rendered":"Brasil j\u00e1 tem 207 atletas confirmados, de 15 modalidades, para treinos na Europa"},"content":{"rendered":"<p><span style=\"font-weight: 400;\">O Comit\u00ea Ol\u00edmpico do Brasil (COB) avan\u00e7ou no planejamento da Miss\u00e3o Europa, o per\u00edodo de treinamentos para atletas e equipes em pa\u00edses europeus entre julho e dezembro deste ano. O objetivo do COB \u00e9 oferecer a volta aos treinos com seguran\u00e7a aos brasileiros j\u00e1 classificados ou em vias de classifica\u00e7\u00e3o para os Jogos Ol\u00edmpicos de T\u00f3quio em 2021. No momento est\u00e1 previsto o atendimento a 207 atletas de 15 modalidades (11 Confedera\u00e7\u00f5es), quantitativos que ainda podem aumentar com a confirma\u00e7\u00e3o do interesse de novos esportes em participar.<\/span><\/p>\n<p><span style=\"font-weight: 400;\">&#8220;Fizemos contato com todas as Confedera\u00e7\u00f5es Ol\u00edmpicas para identificar suas necessidades e planejar, em conjunto, os treinos na Europa. Foi primordial, al\u00e9m de priorizar atletas classificados para os Jogos de T\u00f3quio, ter certeza da condi\u00e7\u00e3o de continuidade aos treinos ap\u00f3s encerrado o per\u00edodo na Europa&#8221;, explica o chefe de Miss\u00e3o nos Jogos Ol\u00edmpicos de T\u00f3quio, Marco Ant\u00f4nio La Porta Jr.<\/span><\/p>\n<p><span style=\"font-weight: 400;\">A principal base do Brasil em Portugal dever\u00e1 ser o Centro de Treinamento de Rio Maior, um equipamento p\u00fablico-privado a 75km de Lisboa. Junto com as autoridades portuguesas, o COB estabeleceu um protocolo r\u00edgido de controle para identificar e tamb\u00e9m para prevenir a contamina\u00e7\u00e3o pelo novo coronav\u00edrus. Assim, todos os integrantes da delega\u00e7\u00e3o ser\u00e3o testados at\u00e9 72h antes do embarque, s\u00f3 podendo viajar caso apresentem resultado negativo para o PCR. Ao chegarem a Portugal, os membros da equipe seguir\u00e3o direto para o Centro de Treinamento, onde ser\u00e3o novamente testados e ficar\u00e3o em isolamento por 48h, at\u00e9 sair o resultado da sorologia. A\u00ed ent\u00e3o estar\u00e3o aptos para atividades esportivas.<\/span><\/p>\n<p><span style=\"font-weight: 400;\">&#8220;Nosso principal objetivo \u00e9 oferecer as melhores condi\u00e7\u00f5es de treino aos nossos atletas, respeitando todas as orienta\u00e7\u00f5es e protocolos de seguran\u00e7a locais. Estamos atualizando o planejamento dia a dia, \u00e0 medida que novas informa\u00e7\u00f5es s\u00e3o divulgadas&#8221;, diz o diretor de Esportes do COB, Jorge Bichara.<\/span><\/p>\n<p><span style=\"font-weight: 400;\">Ao lado da vela, que treinar\u00e1 em Cascais, no litoral de Lisboa, o jud\u00f4 dever\u00e1 ser uma das primeiras modalidades a embarcar, levando 28 judocas para treinos em Coimbra. Na sequ\u00eancia embarca o boxe, que prev\u00ea uma delega\u00e7\u00e3o de 22 pugilistas. Ainda entre os maiores contingentes est\u00e3o a nata\u00e7\u00e3o (22) e o atletismo (29).<\/span><\/p>\n<p><span style=\"font-weight: 400;\">&#8220;A complexidade da opera\u00e7\u00e3o se assemelha bastante ao que temos em jogos multiesportivos. Precisamos considerar a especificidade de cada esporte e atentar para quest\u00f5es de disponibilidade de cama, passagens a\u00e9reas e atendimento m\u00e9dico. Com o ingrediente adicional de atentar para todo o protocolo de higiene e seguran\u00e7a imposto pela pandemia&#8221;, analisa o gerente executivo de alto rendimento do COB, Seb\u00e1stian Pereira.<\/span><\/p>\n<p><span style=\"font-weight: 400;\">Nas pr\u00f3ximas semanas, o COB confirmar\u00e1 as datas de embarque e novos detalhes da Miss\u00e3o Europa.<\/span><\/p>\n<p><b>PRINCIPAIS N\u00daMEROS<\/b><\/p>\n<p><span style=\"font-weight: 400;\">180 DIAS &#8211; \u00e9 a janela dispon\u00edvel para treinos<\/span><\/p>\n<p><span style=\"font-weight: 400;\">207 ATLETAS &#8211; \u00e9 o n\u00famero atual confirmado<\/span><\/p>\n<p><span style=\"font-weight: 400;\">15 MODALIDADES<\/span><\/p>\n<p><span style=\"font-weight: 400;\">11 CONFEDERA\u00c7\u00d5ES<\/span><\/p>\n<p><span style=\"font-weight: 400;\">4 BASES &#8211; CT Rio Maior; Coimbra (jud\u00f4); Cascais (vela); Sangalhos (gin\u00e1stica art\u00edstica e r\u00edtmica)<\/span><\/p>\n<p><span style=\"font-weight: 400;\">R$ 13,7 milh\u00f5es &#8211; \u00e9 o investimento do COB na log\u00edstica<\/span><\/p>\n<p><b>MODALIDADES AT\u00c9 O MOMENTO<\/b><\/p>\n<p><span style=\"font-weight: 400;\">Atletismo &#8211; 29 atletas<\/span><\/p>\n<p><span style=\"font-weight: 400;\">Jud\u00f4 &#8211; 28 atletas<\/span><\/p>\n<p><span style=\"font-weight: 400;\">Boxe &#8211; 22 atletas<\/span><\/p>\n<p><span style=\"font-weight: 400;\">Nata\u00e7\u00e3o &#8211; 22 atletas<\/span><\/p>\n<p><span style=\"font-weight: 400;\">Handebol Feminino &#8211; 18 atletas<\/span><\/p>\n<p><span style=\"font-weight: 400;\">Handebol Masculino &#8211; 18 atletas<\/span><\/p>\n<p><span style=\"font-weight: 400;\">Rugby Feminino &#8211; 15 atletas<\/span><\/p>\n<p><span style=\"font-weight: 400;\">Wrestling &#8211; 10 atletas<\/span><\/p>\n<p><span style=\"font-weight: 400;\">Gin\u00e1stica R\u00edtmica &#8211; 7 atletas<\/span><\/p>\n<p><span style=\"font-weight: 400;\">Saltos Ornamentais &#8211; 7 atletas<\/span><\/p>\n<p><span style=\"font-weight: 400;\">Taekwondo &#8211; 6 atletas<\/span><\/p>\n<p><span style=\"font-weight: 400;\">Gin\u00e1stica Art\u00edstica Masculina &#8211; 6 atletas<\/span><\/p>\n<p><span style=\"font-weight: 400;\">Triatlo &#8211; 6 atletas<\/span><\/p>\n<p><span style=\"font-weight: 400;\">Gin\u00e1stica Art\u00edstica Feminina &#8211; 4 atletas<\/span><\/p>\n<p><span style=\"font-weight: 400;\">Vela &#8211; 4 atletas<\/span><\/p>\n<p><span style=\"font-weight: 400;\">Nado Art\u00edstico &#8211; 3 atletas<\/span><\/p>\n<p><span style=\"font-weight: 400;\">Maratonas Aqu\u00e1ticas &#8211; 2 atletas<\/span><\/p>\n<p><strong>Fonte:<\/strong> Assessoria<\/p>\n","protected":false},"excerpt":{"rendered":"<p>O Comit\u00ea Ol\u00edmpico do Brasil (COB) avan\u00e7ou no planejamento da Miss\u00e3o Europa, o per\u00edodo de treinamentos para atletas e equipes em pa\u00edses europeus entre julho e dezembro deste ano. O objetivo do COB \u00e9 oferecer a volta aos treinos com seguran\u00e7a aos brasileiros j\u00e1 classificados ou em vias de classifica\u00e7\u00e3o para os Jogos Ol\u00edmpicos de [&hellip;]<\/p>\n","protected":false},"author":96,"featured_media":162643,"comment_status":"closed","ping_status":"closed","sticky":false,"template":"","format":"standard","meta":{"footnotes":""},"categories":[436,257,439],"tags":[],"class_list":["post-162642","post","type-post","status-publish","format-standard","has-post-thumbnail","hentry","category-destaque-da-semana","category-esporte","category-ultima-hora"],"_links":{"self":[{"href":"https:\/\/diarioregionaldigital.com.br\/index.php?rest_route=\/wp\/v2\/posts\/162642","targetHints":{"allow":["GET"]}}],"collection":[{"href":"https:\/\/diarioregionaldigital.com.br\/index.php?rest_route=\/wp\/v2\/posts"}],"about":[{"href":"https:\/\/diarioregionaldigital.com.br\/index.php?rest_route=\/wp\/v2\/types\/post"}],"author":[{"embeddable":true,"href":"https:\/\/diarioregionaldigital.com.br\/index.php?rest_route=\/wp\/v2\/users\/96"}],"replies":[{"embeddable":true,"href":"https:\/\/diarioregionaldigital.com.br\/index.php?rest_route=%2Fwp%2Fv2%2Fcomments&post=162642"}],"version-history":[{"count":0,"href":"https:\/\/diarioregionaldigital.com.br\/index.php?rest_route=\/wp\/v2\/posts\/162642\/revisions"}],"wp:featuredmedia":[{"embeddable":true,"href":"https:\/\/diarioregionaldigital.com.br\/index.php?rest_route=\/wp\/v2\/media\/162643"}],"wp:attachment":[{"href":"https:\/\/diarioregionaldigital.com.br\/index.php?rest_route=%2Fwp%2Fv2%2Fmedia&parent=162642"}],"wp:term":[{"taxonomy":"category","embeddable":true,"href":"https:\/\/diarioregionaldigital.com.br\/index.php?rest_route=%2Fwp%2Fv2%2Fcategories&post=162642"},{"taxonomy":"post_tag","embeddable":true,"href":"https:\/\/diarioregionaldigital.com.br\/index.php?rest_route=%2Fwp%2Fv2%2Ftags&post=162642"}],"curies":[{"name":"wp","href":"https:\/\/api.w.org\/{rel}","templated":true}]}}