{"id":162640,"date":"2020-06-19T14:16:38","date_gmt":"2020-06-19T17:16:38","guid":{"rendered":"https:\/\/diarioregionaldigital.com.br\/?p=162640"},"modified":"2020-06-19T14:16:38","modified_gmt":"2020-06-19T17:16:38","slug":"autor-foge-apos-troca-de-tiros-com-a-pm-no-bairro-ponte-preta","status":"publish","type":"post","link":"https:\/\/diarioregionaldigital.com.br\/?p=162640","title":{"rendered":"Autor foge ap\u00f3s troca de tiros com a PM no Bairro Ponte Preta"},"content":{"rendered":"<p>Um indiv\u00edduo com posse de arma de fogo, anunciou o assalto contra um idoso de 61 anos no Bairro Ponte Preta (Regi\u00e3o Noroeste) em Juiz de Fora. O autor roubou a quantia de R$ 300,00 e a Pol\u00edcia Militar (PM) foi acionada. Durante o rastreamento, o autor foi localizado e ao notar a presen\u00e7a policial, desobedeceu a ordem de parada e logo em seguida efetuou disparos contra os policiais.\u00a0 Para repelir o ato, os militares dispararam contra o autor, mas o alvo n\u00e3o foi atingido e fugiu do local.<\/p>\n","protected":false},"excerpt":{"rendered":"<p>Um indiv\u00edduo com posse de arma de fogo, anunciou o assalto contra um idoso de 61 anos no Bairro Ponte Preta (Regi\u00e3o Noroeste) em Juiz de Fora. O autor roubou a quantia de R$ 300,00 e a Pol\u00edcia Militar (PM) foi acionada. Durante o rastreamento, o autor foi localizado e ao notar a presen\u00e7a policial, [&hellip;]<\/p>\n","protected":false},"author":96,"featured_media":161269,"comment_status":"closed","ping_status":"closed","sticky":false,"template":"","format":"standard","meta":{"footnotes":""},"categories":[301,436,439],"tags":[],"class_list":["post-162640","post","type-post","status-publish","format-standard","has-post-thumbnail","hentry","category-artigos-policiais","category-destaque-da-semana","category-ultima-hora"],"_links":{"self":[{"href":"https:\/\/diarioregionaldigital.com.br\/index.php?rest_route=\/wp\/v2\/posts\/162640","targetHints":{"allow":["GET"]}}],"collection":[{"href":"https:\/\/diarioregionaldigital.com.br\/index.php?rest_route=\/wp\/v2\/posts"}],"about":[{"href":"https:\/\/diarioregionaldigital.com.br\/index.php?rest_route=\/wp\/v2\/types\/post"}],"author":[{"embeddable":true,"href":"https:\/\/diarioregionaldigital.com.br\/index.php?rest_route=\/wp\/v2\/users\/96"}],"replies":[{"embeddable":true,"href":"https:\/\/diarioregionaldigital.com.br\/index.php?rest_route=%2Fwp%2Fv2%2Fcomments&post=162640"}],"version-history":[{"count":0,"href":"https:\/\/diarioregionaldigital.com.br\/index.php?rest_route=\/wp\/v2\/posts\/162640\/revisions"}],"wp:featuredmedia":[{"embeddable":true,"href":"https:\/\/diarioregionaldigital.com.br\/index.php?rest_route=\/wp\/v2\/media\/161269"}],"wp:attachment":[{"href":"https:\/\/diarioregionaldigital.com.br\/index.php?rest_route=%2Fwp%2Fv2%2Fmedia&parent=162640"}],"wp:term":[{"taxonomy":"category","embeddable":true,"href":"https:\/\/diarioregionaldigital.com.br\/index.php?rest_route=%2Fwp%2Fv2%2Fcategories&post=162640"},{"taxonomy":"post_tag","embeddable":true,"href":"https:\/\/diarioregionaldigital.com.br\/index.php?rest_route=%2Fwp%2Fv2%2Ftags&post=162640"}],"curies":[{"name":"wp","href":"https:\/\/api.w.org\/{rel}","templated":true}]}}