{"id":162634,"date":"2020-06-19T13:39:50","date_gmt":"2020-06-19T16:39:50","guid":{"rendered":"https:\/\/diarioregionaldigital.com.br\/?p=162634"},"modified":"2020-06-19T13:39:50","modified_gmt":"2020-06-19T16:39:50","slug":"pm-encontra-tres-barras-de-maconha-em-um-terreno-no-bairro-santa-candida","status":"publish","type":"post","link":"https:\/\/diarioregionaldigital.com.br\/?p=162634","title":{"rendered":"PM encontra tr\u00eas barras de maconha em um terreno no Bairro Santa C\u00e2ndida"},"content":{"rendered":"<p>A Pol\u00edcia Militar (PM), recebeu den\u00fancia an\u00f4nima, sobre um indiv\u00edduo que estaria escondendo drogas dentro de um c\u00f4modo, localizado nos fundos de um terreno no Bairro Santa C\u00e2ndida (Regi\u00e3o Leste) em Juiz de Fora. Com endere\u00e7o em m\u00e3os, os policiais deslocaram at\u00e9 o local e sob a presen\u00e7a do propriet\u00e1rio do terreno, iniciaram rastreamento pelo local e encontraram tr\u00eas barras de maconha e uma balan\u00e7a de precis\u00e3o.<\/p>\n<p>Em relatos \u00e0 PM, as testemunhas afirmam que o referido indiv\u00edduo \u00e9 usu\u00e1rio de drogas e estaria guardando o material para um traficante local. No entanto, o autor n\u00e3o estava presente no momento da chegada dos policiais. Diante dos fatos, os materiais foram apreendidos e encaminhados para a Delegacia.<\/p>\n","protected":false},"excerpt":{"rendered":"<p>A Pol\u00edcia Militar (PM), recebeu den\u00fancia an\u00f4nima, sobre um indiv\u00edduo que estaria escondendo drogas dentro de um c\u00f4modo, localizado nos fundos de um terreno no Bairro Santa C\u00e2ndida (Regi\u00e3o Leste) em Juiz de Fora. Com endere\u00e7o em m\u00e3os, os policiais deslocaram at\u00e9 o local e sob a presen\u00e7a do propriet\u00e1rio do terreno, iniciaram rastreamento pelo [&hellip;]<\/p>\n","protected":false},"author":96,"featured_media":162635,"comment_status":"closed","ping_status":"closed","sticky":false,"template":"","format":"standard","meta":{"footnotes":""},"categories":[301,436,439],"tags":[],"class_list":["post-162634","post","type-post","status-publish","format-standard","has-post-thumbnail","hentry","category-artigos-policiais","category-destaque-da-semana","category-ultima-hora"],"_links":{"self":[{"href":"https:\/\/diarioregionaldigital.com.br\/index.php?rest_route=\/wp\/v2\/posts\/162634","targetHints":{"allow":["GET"]}}],"collection":[{"href":"https:\/\/diarioregionaldigital.com.br\/index.php?rest_route=\/wp\/v2\/posts"}],"about":[{"href":"https:\/\/diarioregionaldigital.com.br\/index.php?rest_route=\/wp\/v2\/types\/post"}],"author":[{"embeddable":true,"href":"https:\/\/diarioregionaldigital.com.br\/index.php?rest_route=\/wp\/v2\/users\/96"}],"replies":[{"embeddable":true,"href":"https:\/\/diarioregionaldigital.com.br\/index.php?rest_route=%2Fwp%2Fv2%2Fcomments&post=162634"}],"version-history":[{"count":0,"href":"https:\/\/diarioregionaldigital.com.br\/index.php?rest_route=\/wp\/v2\/posts\/162634\/revisions"}],"wp:featuredmedia":[{"embeddable":true,"href":"https:\/\/diarioregionaldigital.com.br\/index.php?rest_route=\/wp\/v2\/media\/162635"}],"wp:attachment":[{"href":"https:\/\/diarioregionaldigital.com.br\/index.php?rest_route=%2Fwp%2Fv2%2Fmedia&parent=162634"}],"wp:term":[{"taxonomy":"category","embeddable":true,"href":"https:\/\/diarioregionaldigital.com.br\/index.php?rest_route=%2Fwp%2Fv2%2Fcategories&post=162634"},{"taxonomy":"post_tag","embeddable":true,"href":"https:\/\/diarioregionaldigital.com.br\/index.php?rest_route=%2Fwp%2Fv2%2Ftags&post=162634"}],"curies":[{"name":"wp","href":"https:\/\/api.w.org\/{rel}","templated":true}]}}