{"id":162628,"date":"2020-06-19T13:17:56","date_gmt":"2020-06-19T16:17:56","guid":{"rendered":"https:\/\/diarioregionaldigital.com.br\/?p=162628"},"modified":"2020-06-19T13:17:56","modified_gmt":"2020-06-19T16:17:56","slug":"camara-discute-situacao-do-comercio-durante-a-pandemia","status":"publish","type":"post","link":"https:\/\/diarioregionaldigital.com.br\/?p=162628","title":{"rendered":"C\u00e2mara discute situa\u00e7\u00e3o do com\u00e9rcio durante a pandemia"},"content":{"rendered":"<p>Na manh\u00e3 de quinta-feira (18), o Plen\u00e1rio da C\u00e2mara Municipal recebeu representantes do com\u00e9rcio e do Executivo para debater a possibilidade de flexibiliza\u00e7\u00e3o do funcionamento do com\u00e9rcio em Juiz de Fora. A discuss\u00e3o foi solicitada pela Mesa Diretora do Legislativo com o objetivo de promover o di\u00e1logo sobre a quest\u00e3o.<\/p>\n<p>Representando a Prefeitura, estiveram presentes os secret\u00e1rio de Meio Ambiente e Ordenamento Urbano, Lu\u00eds Cl\u00e1udio Santos Pinto; de Desenvolvimento Econ\u00f4mico, Turismo e Agropecu\u00e1ria, L\u00facio S\u00e1 Fortes; e de Governo, Ricardo Miranda. Tamb\u00e9m participaram da reuni\u00e3o o vice-presidente da Associa\u00e7\u00e3o Comercial, Guilherme Duarte; o presidente da C\u00e2mara dos Dirigentes Lojistas (CDL\/JF), Marcos Casarin; o presidente do Sindicato do Com\u00e9rcio (Sindicom\u00e9rcio), Emerson Beloti; o\u00a0 presidente do Sindicato dos Empregados no Com\u00e9rcio (SEC\/JF), Silas Baptista; o advogado do Sindicom\u00e9rcio e assessor jur\u00eddico do G12, Rubens de Andrade Neto; o representante dos ambulantes, Gilcimar de Matos; e a representante dos comerciantes da Rua S\u00e3o Sebasti\u00e3o, Paula Campos de Castro.<\/p>\n<p>Com lojas fechadas h\u00e1 92 dias, representantes do com\u00e9rcio relataram dificuldade financeira causada pela paralisa\u00e7\u00e3o das atividades. \u201cEstamos h\u00e1 3 meses parados e j\u00e1 estamos chegando a uma situa\u00e7\u00e3o insustent\u00e1vel. Sabemos da import\u00e2ncia de reabrir o com\u00e9rcio e queremos regulamenta\u00e7\u00e3o para reabrir com precau\u00e7\u00e3o\u201d, afirmou a comerciante Paula Campos. Os membros da categoria refor\u00e7aram a necessidade de trabalharem junto ao poder p\u00fablico para encontrar uma solu\u00e7\u00e3o.<\/p>\n<p>\u00c0 frente da Secretaria de Desenvolvimento Econ\u00f4mico, Turismo e Agropecu\u00e1ria h\u00e1 cerca de tr\u00eas semanas, L\u00facio de S\u00e1 Fortes ressaltou que est\u00e1 aberto ao di\u00e1logo com os comerciantes. \u201cEstamos do mesmo lado, n\u00e3o nos vejam como antagonistas\u201d, pediu o secret\u00e1rio. L\u00facio enfatizou que reconhece as dificuldades vividas pelos comerciantes e que \u00e9 necess\u00e1rio cautela para lidar com a situa\u00e7\u00e3o j\u00e1 que, al\u00e9m do grave problema econ\u00f4mico, a quest\u00e3o envolve a sa\u00fade da popula\u00e7\u00e3o.<\/p>\n<p>O vereador Dr. Ant\u00f4nio Aguiar (DEM) destacou que para elaborar estrat\u00e9gias de reabertura com seguran\u00e7a \u00e9 fundamental que o munic\u00edpio realize mais testes de COVID-19. \u201cA testagem \u00e9 essencial no combate \u00e0 pandemia. Precisamos fazer uma testagem epidemiol\u00f3gica para identificar em quais regi\u00f5es de Juiz de Fora os casos est\u00e3o em maior n\u00famero e, a partir da\u00ed, vamos tra\u00e7ando estrat\u00e9gias com mais seguran\u00e7a\u201d, defendeu. Marlon Siqueira (Progressistas) tamb\u00e9m ressaltou a import\u00e2ncia de compilar dados sobre os casos confirmados da doen\u00e7a na cidade.<\/p>\n<p>Representantes da Associa\u00e7\u00e3o Comercial e do Sindicom\u00e9rcio criticaram a ades\u00e3o de Juiz de Fora ao programa Minas Consciente, proposto pelo governo estadual. Eles defendem que o munic\u00edpio deveria elaborar um plano pr\u00f3prio e, assim, ter mais autonomia nas decis\u00f5es sobre flexibiliza\u00e7\u00e3o do com\u00e9rcio. \u201cEm momentos dif\u00edceis n\u00f3s precisamos escutar e olhar os bons exemplos ao nosso redor. Eu n\u00e3o quero criticar o programa Minas Consciente, mas me parece um equ\u00edvoco a ades\u00e3o de Juiz de Fora. Das 10 maiores cidades do estado, s\u00f3 Juiz de Fora aderiu ao programa\u201d, pontuou o vice-presidente da Associa\u00e7\u00e3o Comercial, Guilherme Duarte.<\/p>\n<p>O vereador Rodrigo Mattos (CIDADANIA) prop\u00f4s uma mobiliza\u00e7\u00e3o para levar a discuss\u00e3o sobre a flexibiliza\u00e7\u00e3o do com\u00e9rcio at\u00e9 a esfera estadual. \u201cO prefeito aderiu ao Minas Consciente por convic\u00e7\u00e3o e essa vai ser a pol\u00edtica adotada pelo menos por algum tempo. Ent\u00e3o a minha sugest\u00e3o para as entidades aqui presentes \u00e9 a de envolver o governo estadual nessa discuss\u00e3o\u201d, pontuou.<\/p>\n<p>O parlamentar Wagner do Sindicato (CIDADANIA) defendeu a ades\u00e3o de Juiz de Fora ao Minas Consciente, ressaltando que o sistema de sa\u00fade da cidade \u00e9 refer\u00eancia para 94 munic\u00edpios. Por outro lado, os vereadores J\u00falio Obama Jr. (PODE), Juraci Scheffer (PT) e Andr\u00e9 Mariano (PSL) se posicionaram contra a ades\u00e3o ao Minas Consciente. Obama afirmou que o programa gerou confus\u00e3o e incoer\u00eancia e Andr\u00e9 Mariano v\u00ea a ades\u00e3o como uma forma de a Prefeitura de Juiz de Fora se omitir. J\u00e1 Juraci Scheffer enfatizou que n\u00e3o confia no governo estadual e classificou o Minas Consciente como \u201ccortina de fuma\u00e7a\u201d.<\/p>\n<p><strong>Fonte:\u00a0<\/strong>Assessoria<\/p>\n","protected":false},"excerpt":{"rendered":"<p>Na manh\u00e3 de quinta-feira (18), o Plen\u00e1rio da C\u00e2mara Municipal recebeu representantes do com\u00e9rcio e do Executivo para debater a possibilidade de flexibiliza\u00e7\u00e3o do funcionamento do com\u00e9rcio em Juiz de Fora. A discuss\u00e3o foi solicitada pela Mesa Diretora do Legislativo com o objetivo de promover o di\u00e1logo sobre a quest\u00e3o. Representando a Prefeitura, estiveram presentes [&hellip;]<\/p>\n","protected":false},"author":96,"featured_media":162629,"comment_status":"closed","ping_status":"closed","sticky":false,"template":"","format":"standard","meta":{"footnotes":""},"categories":[253,436,440,439],"tags":[],"class_list":["post-162628","post","type-post","status-publish","format-standard","has-post-thumbnail","hentry","category-cidade","category-destaque-da-semana","category-destaques-do-dia","category-ultima-hora"],"_links":{"self":[{"href":"https:\/\/diarioregionaldigital.com.br\/index.php?rest_route=\/wp\/v2\/posts\/162628","targetHints":{"allow":["GET"]}}],"collection":[{"href":"https:\/\/diarioregionaldigital.com.br\/index.php?rest_route=\/wp\/v2\/posts"}],"about":[{"href":"https:\/\/diarioregionaldigital.com.br\/index.php?rest_route=\/wp\/v2\/types\/post"}],"author":[{"embeddable":true,"href":"https:\/\/diarioregionaldigital.com.br\/index.php?rest_route=\/wp\/v2\/users\/96"}],"replies":[{"embeddable":true,"href":"https:\/\/diarioregionaldigital.com.br\/index.php?rest_route=%2Fwp%2Fv2%2Fcomments&post=162628"}],"version-history":[{"count":0,"href":"https:\/\/diarioregionaldigital.com.br\/index.php?rest_route=\/wp\/v2\/posts\/162628\/revisions"}],"wp:featuredmedia":[{"embeddable":true,"href":"https:\/\/diarioregionaldigital.com.br\/index.php?rest_route=\/wp\/v2\/media\/162629"}],"wp:attachment":[{"href":"https:\/\/diarioregionaldigital.com.br\/index.php?rest_route=%2Fwp%2Fv2%2Fmedia&parent=162628"}],"wp:term":[{"taxonomy":"category","embeddable":true,"href":"https:\/\/diarioregionaldigital.com.br\/index.php?rest_route=%2Fwp%2Fv2%2Fcategories&post=162628"},{"taxonomy":"post_tag","embeddable":true,"href":"https:\/\/diarioregionaldigital.com.br\/index.php?rest_route=%2Fwp%2Fv2%2Ftags&post=162628"}],"curies":[{"name":"wp","href":"https:\/\/api.w.org\/{rel}","templated":true}]}}