{"id":162619,"date":"2020-06-19T11:07:09","date_gmt":"2020-06-19T14:07:09","guid":{"rendered":"https:\/\/diarioregionaldigital.com.br\/?p=162619"},"modified":"2020-06-19T11:07:09","modified_gmt":"2020-06-19T14:07:09","slug":"endividamento-e-inadimplencia-de-familias-crescem-em-junho-diz-cnc","status":"publish","type":"post","link":"https:\/\/diarioregionaldigital.com.br\/?p=162619","title":{"rendered":"Endividamento e inadimpl\u00eancia de fam\u00edlias crescem em junho, diz CNC"},"content":{"rendered":"<p>O percentual de fam\u00edlias brasileiras endividadas (com d\u00edvidas, em atraso ou n\u00e3o) e inadimplentes (com d\u00edvidas ou contas em atraso) cresceu em junho deste ano.<\/p>\n<p>Segundo dados da Confedera\u00e7\u00e3o Nacional do Com\u00e9rcio de Bens, Servi\u00e7os e Turismo (CNC), o percentual de endividados em junho deste ano chegou a 67,1%, acima dos 66,5% de maio deste ano e dos 64% de junho do ano passado. Esse \u00e9 o maior patamar da s\u00e9rie, iniciada em 2010.<\/p>\n<p>J\u00e1 o percentual de inadimplentes chegou a 25,4% em junho deste ano, tamb\u00e9m acima das propor\u00e7\u00f5es de maio deste ano (25,1%) e de junho de 2019 (23,6%).<\/p>\n<p>Em rela\u00e7\u00e3o \u00e0s fam\u00edlias que n\u00e3o ter\u00e3o condi\u00e7\u00f5es de pagar suas contas, o percentual em junho deste ano chegou a 11,6%, acima dos 10,6% de maio deste ano e dos 9,5% de junho de 2019.<\/p>\n<p>\u201cApesar do contexto negativo em rela\u00e7\u00e3o ao mercado de trabalho e \u00e0 renda, a infla\u00e7\u00e3o controlada e a queda da taxa Selic s\u00e3o fatores que podem favorecer o poder de compra dos consumidores. Al\u00e9m disso, as transfer\u00eancias emergenciais do coronavoucher tamb\u00e9m impactam positivamente a renda e o consumo, especialmente dos itens considerados essenciais\u201d, afirma o presidente da CNC, Jos\u00e9 Roberto Tadros.<\/p>\n<p>Para Tadros, nesse momento de incertezas geradas pela pandemia de covid-19, \u00e9 importante garantir acesso ao cr\u00e9dito a custos mais baixos e do alongamento dos prazos de pagamento das d\u00edvidas.<\/p>\n<p>Segundo a CNC, o endividamento cresceu entre as fam\u00edlias de renda mais baixa enquanto teve queda nas fam\u00edlias com renda mais alta. Para as fam\u00edlias com renda at\u00e9 dez sal\u00e1rios m\u00ednimos, o percentual de endividados cresceu de 67,4% em maio para 68,2% em junho. J\u00e1 para as que t\u00eam renda acima de dez sal\u00e1rios m\u00ednimos, esse mesmo percentual caiu de 61,3% em maio para 60,7% em junho.<\/p>\n<p><strong>Fonte:\u00a0<\/strong>Ag\u00eancia Brasil<\/p>\n","protected":false},"excerpt":{"rendered":"<p>O percentual de fam\u00edlias brasileiras endividadas (com d\u00edvidas, em atraso ou n\u00e3o) e inadimplentes (com d\u00edvidas ou contas em atraso) cresceu em junho deste ano. Segundo dados da Confedera\u00e7\u00e3o Nacional do Com\u00e9rcio de Bens, Servi\u00e7os e Turismo (CNC), o percentual de endividados em junho deste ano chegou a 67,1%, acima dos 66,5% de maio deste [&hellip;]<\/p>\n","protected":false},"author":96,"featured_media":162620,"comment_status":"closed","ping_status":"closed","sticky":false,"template":"","format":"standard","meta":{"footnotes":""},"categories":[436,261,439],"tags":[],"class_list":["post-162619","post","type-post","status-publish","format-standard","has-post-thumbnail","hentry","category-destaque-da-semana","category-economia","category-ultima-hora"],"_links":{"self":[{"href":"https:\/\/diarioregionaldigital.com.br\/index.php?rest_route=\/wp\/v2\/posts\/162619","targetHints":{"allow":["GET"]}}],"collection":[{"href":"https:\/\/diarioregionaldigital.com.br\/index.php?rest_route=\/wp\/v2\/posts"}],"about":[{"href":"https:\/\/diarioregionaldigital.com.br\/index.php?rest_route=\/wp\/v2\/types\/post"}],"author":[{"embeddable":true,"href":"https:\/\/diarioregionaldigital.com.br\/index.php?rest_route=\/wp\/v2\/users\/96"}],"replies":[{"embeddable":true,"href":"https:\/\/diarioregionaldigital.com.br\/index.php?rest_route=%2Fwp%2Fv2%2Fcomments&post=162619"}],"version-history":[{"count":0,"href":"https:\/\/diarioregionaldigital.com.br\/index.php?rest_route=\/wp\/v2\/posts\/162619\/revisions"}],"wp:featuredmedia":[{"embeddable":true,"href":"https:\/\/diarioregionaldigital.com.br\/index.php?rest_route=\/wp\/v2\/media\/162620"}],"wp:attachment":[{"href":"https:\/\/diarioregionaldigital.com.br\/index.php?rest_route=%2Fwp%2Fv2%2Fmedia&parent=162619"}],"wp:term":[{"taxonomy":"category","embeddable":true,"href":"https:\/\/diarioregionaldigital.com.br\/index.php?rest_route=%2Fwp%2Fv2%2Fcategories&post=162619"},{"taxonomy":"post_tag","embeddable":true,"href":"https:\/\/diarioregionaldigital.com.br\/index.php?rest_route=%2Fwp%2Fv2%2Ftags&post=162619"}],"curies":[{"name":"wp","href":"https:\/\/api.w.org\/{rel}","templated":true}]}}