{"id":162610,"date":"2020-06-19T10:47:33","date_gmt":"2020-06-19T13:47:33","guid":{"rendered":"https:\/\/diarioregionaldigital.com.br\/?p=162610"},"modified":"2020-06-19T10:47:33","modified_gmt":"2020-06-19T13:47:33","slug":"estado-chega-a-600-mortes-confirmadas","status":"publish","type":"post","link":"https:\/\/diarioregionaldigital.com.br\/?p=162610","title":{"rendered":"Estado chega a 600 mortes confirmadas"},"content":{"rendered":"<p>A Secretaria de Estado da Sa\u00fade de Minas Gerais (SES-MG), confirmou em\u00a0<a href=\"https:\/\/saude.mg.gov.br\/images\/noticias_e_eventos\/000_2020\/Boletins_Corona\/Boletim_Epidemiologico_COVID-19_19.06.2020.pdf\">boletim epidemiol\u00f3gico<\/a> divulgado hoje (19), que na compara\u00e7\u00e3o com o boletim de ontem (17), houve aumento de 570 para 600 mortes confirmadas por Coronav\u00edrus. As mortes confirmadas no boletim atualizado, foram confirmadas em: Guaran\u00e9sia, Patos de Minas, Varj\u00e3o de Minas, Varginha, Lavras, Belo Oriente, Ipatinga, Jana\u00faba, Ibirit\u00e9, Contagem, S\u00e3o Jos\u00e9 da Lapa, Belo Horizonte, Uberl\u00e2ndia, Santo Ant\u00f4nio do Jacinto, Muria\u00e9, Medina, Carangola, Governador Valadares, Santana do Para\u00edso e Piranga.<\/p>\n<p>Segundo o levantamento, houve aumento de 24.906 para 26.052 casos confirmados, os pacientes recuperados totalizam 15.138, este total representa 58,1% dos casos e 10.314 est\u00e3o sob acompanhamento m\u00e9dico. Conforme o levantamento, foram feitos 30.820 testes laboratoriais, sendo que 4.110 deram resultado positivo, 25.702 deram negativo e 669 est\u00e3o sob an\u00e1lise.<\/p>\n<p>Confira abaixo a tabela completa com os \u00f3bitos confirmados no estado:<\/p>\n<p><a href=\"https:\/\/diarioregionaldigital.com.br\/wp-content\/uploads\/2020\/06\/OBITOS_CONF_COVID-19_MG_19.06.2020.xls\">OBITOS_CONF_COVID-19_MG_19.06.2020<\/a><\/p>\n<p>&nbsp;<\/p>\n","protected":false},"excerpt":{"rendered":"<p>A Secretaria de Estado da Sa\u00fade de Minas Gerais (SES-MG), confirmou em\u00a0boletim epidemiol\u00f3gico divulgado hoje (19), que na compara\u00e7\u00e3o com o boletim de ontem (17), houve aumento de 570 para 600 mortes confirmadas por Coronav\u00edrus. As mortes confirmadas no boletim atualizado, foram confirmadas em: Guaran\u00e9sia, Patos de Minas, Varj\u00e3o de Minas, Varginha, Lavras, Belo Oriente, [&hellip;]<\/p>\n","protected":false},"author":96,"featured_media":162028,"comment_status":"closed","ping_status":"closed","sticky":false,"template":"","format":"standard","meta":{"footnotes":""},"categories":[436,440,252,439],"tags":[],"class_list":["post-162610","post","type-post","status-publish","format-standard","has-post-thumbnail","hentry","category-destaque-da-semana","category-destaques-do-dia","category-regiao","category-ultima-hora"],"_links":{"self":[{"href":"https:\/\/diarioregionaldigital.com.br\/index.php?rest_route=\/wp\/v2\/posts\/162610","targetHints":{"allow":["GET"]}}],"collection":[{"href":"https:\/\/diarioregionaldigital.com.br\/index.php?rest_route=\/wp\/v2\/posts"}],"about":[{"href":"https:\/\/diarioregionaldigital.com.br\/index.php?rest_route=\/wp\/v2\/types\/post"}],"author":[{"embeddable":true,"href":"https:\/\/diarioregionaldigital.com.br\/index.php?rest_route=\/wp\/v2\/users\/96"}],"replies":[{"embeddable":true,"href":"https:\/\/diarioregionaldigital.com.br\/index.php?rest_route=%2Fwp%2Fv2%2Fcomments&post=162610"}],"version-history":[{"count":0,"href":"https:\/\/diarioregionaldigital.com.br\/index.php?rest_route=\/wp\/v2\/posts\/162610\/revisions"}],"wp:featuredmedia":[{"embeddable":true,"href":"https:\/\/diarioregionaldigital.com.br\/index.php?rest_route=\/wp\/v2\/media\/162028"}],"wp:attachment":[{"href":"https:\/\/diarioregionaldigital.com.br\/index.php?rest_route=%2Fwp%2Fv2%2Fmedia&parent=162610"}],"wp:term":[{"taxonomy":"category","embeddable":true,"href":"https:\/\/diarioregionaldigital.com.br\/index.php?rest_route=%2Fwp%2Fv2%2Fcategories&post=162610"},{"taxonomy":"post_tag","embeddable":true,"href":"https:\/\/diarioregionaldigital.com.br\/index.php?rest_route=%2Fwp%2Fv2%2Ftags&post=162610"}],"curies":[{"name":"wp","href":"https:\/\/api.w.org\/{rel}","templated":true}]}}