{"id":162602,"date":"2020-06-19T06:00:30","date_gmt":"2020-06-19T09:00:30","guid":{"rendered":"https:\/\/diarioregionaldigital.com.br\/?p=162602"},"modified":"2020-06-18T22:16:38","modified_gmt":"2020-06-19T01:16:38","slug":"delicias-2","status":"publish","type":"post","link":"https:\/\/diarioregionaldigital.com.br\/?p=162602","title":{"rendered":"Del\u00edcias"},"content":{"rendered":"<p style=\"text-align: center;\"><strong>Idosos<\/strong><\/p>\n<p style=\"text-align: center;\">Em sintonia com o momento atual, a C\u00e2mara Municipal de Juiz de Fora promulgou a lei que garante a concess\u00e3o autom\u00e1tica de Isen\u00e7\u00e3o do imposto Sobre Servi\u00e7os de Qualquer Natureza (ISSQN) aos contribuintes aut\u00f4nomos com idade igual ou superior a 65 anos que atuam na cidade. A valida\u00e7\u00e3o da legisla\u00e7\u00e3o municipal, que j\u00e1 est\u00e1 em vigor, acontece \u00e1 revelia de entendimento da Prefeitura, que havia vetado integralmente a proposi\u00e7\u00e3o.<\/p>\n<p style=\"text-align: center;\"><strong>Del\u00edcias<\/strong><\/p>\n<p style=\"text-align: center;\">Produzida numa f\u00e1brica familiar desde os anos 1930 em Ponte Nova (MG), a lata de goiabada casc\u00e3o Z\u00e9lia \u00e9 o xod\u00f3 dos chefs brasileiros. Seu uso em casa pode ir al\u00e9m da tradicional sobremesa goiabada casc\u00e3o acompanhada de queijo e virar um saborosos recheio de pastel. Para encontrar veja no www.zonasul.com.br.<\/p>\n<p style=\"text-align: center;\"><strong>Sa\u00fade<\/strong><\/p>\n<p style=\"text-align: center;\">Ligado no momento atual, cientistas brasileiros almejam descobrir se rem\u00e9dios amplamente usados para o tratamento de hipertens\u00e3o e insufici\u00eancia card\u00edaca aumentam o risco de agravamento da Covid-19, se s\u00e3o neutros ou, paradoxalmente, o reduzem. Os resultados devem estar dispon\u00edveis entre seis e oito semanas e prometem facilitar o tratamento da doen\u00e7a e evitar complica\u00e7\u00f5es para as pessoas com dist\u00farbios cardiovasculares \u2013 um dos grupos de risco da doen\u00e7a.<\/p>\n<p style=\"text-align: center;\"><strong>Quebra Coco<\/strong><\/p>\n<p style=\"text-align: center;\">Lindas e apaixonantes as cuias de coco decoradas com desenho de flores, p\u00e1ssaros e frutas da Cestaria R\u00e9gio. Ficam lindas na parede, como porta-coisas ou para servir petiscos. Vendas pelo site cestariasregio.com.br.<\/p>\n<p style=\"text-align: center;\"><span style=\"font-size: 14pt;\"><strong>Para Refletir<\/strong><\/span><\/p>\n<p style=\"text-align: center;\">\u201cPrecisamos nos educar em paz, amor, integridade e honestidade. Isso n\u00e3o pode acontecer se a mente est\u00e1 estressada e o intelecto est\u00e1 cheio de preconceito\u201d. (Sri-Sri Ravi Shankar)<\/p>\n<div id=\"attachment_162579\" style=\"width: 690px\" class=\"wp-caption aligncenter\"><img loading=\"lazy\" decoding=\"async\" aria-describedby=\"caption-attachment-162579\" class=\"wp-image-162579\" src=\"https:\/\/diarioregionaldigital.com.br\/wp-content\/uploads\/2020\/06\/fotoa-10-e1592528811485.jpg\" alt=\"\" width=\"680\" height=\"486\" srcset=\"https:\/\/diarioregionaldigital.com.br\/wp-content\/uploads\/2020\/06\/fotoa-10-e1592528811485.jpg 540w, https:\/\/diarioregionaldigital.com.br\/wp-content\/uploads\/2020\/06\/fotoa-10-e1592528811485-300x214.jpg 300w, https:\/\/diarioregionaldigital.com.br\/wp-content\/uploads\/2020\/06\/fotoa-10-e1592528811485-360x257.jpg 360w, https:\/\/diarioregionaldigital.com.br\/wp-content\/uploads\/2020\/06\/fotoa-10-e1592528811485-100x70.jpg 100w\" sizes=\"auto, (max-width: 680px) 100vw, 680px\" \/><p id=\"caption-attachment-162579\" class=\"wp-caption-text\">O talentosos ator e gastr\u00f4nomo Gustavo Eiterer montou mesa de 3 para celebrar esta coluna social on-line<\/p><\/div>\n<div id=\"attachment_162580\" style=\"width: 690px\" class=\"wp-caption aligncenter\"><img loading=\"lazy\" decoding=\"async\" aria-describedby=\"caption-attachment-162580\" class=\"wp-image-162580\" src=\"https:\/\/diarioregionaldigital.com.br\/wp-content\/uploads\/2020\/06\/fotob-11-e1592528840483.jpg\" alt=\"\" width=\"680\" height=\"706\" srcset=\"https:\/\/diarioregionaldigital.com.br\/wp-content\/uploads\/2020\/06\/fotob-11-e1592528840483.jpg 540w, https:\/\/diarioregionaldigital.com.br\/wp-content\/uploads\/2020\/06\/fotob-11-e1592528840483-289x300.jpg 289w, https:\/\/diarioregionaldigital.com.br\/wp-content\/uploads\/2020\/06\/fotob-11-e1592528840483-360x374.jpg 360w\" sizes=\"auto, (max-width: 680px) 100vw, 680px\" \/><p id=\"caption-attachment-162580\" class=\"wp-caption-text\">A elegante advogada Jane Gouv\u00eaa Sotto Maior exibe charme com m\u00e1scara para enfrentar o Coronav\u00edrus<\/p><\/div>\n<div id=\"attachment_162581\" style=\"width: 690px\" class=\"wp-caption aligncenter\"><img loading=\"lazy\" decoding=\"async\" aria-describedby=\"caption-attachment-162581\" class=\"wp-image-162581\" src=\"https:\/\/diarioregionaldigital.com.br\/wp-content\/uploads\/2020\/06\/fotoc-10-e1592528902120.jpg\" alt=\"\" width=\"680\" height=\"510\" srcset=\"https:\/\/diarioregionaldigital.com.br\/wp-content\/uploads\/2020\/06\/fotoc-10-e1592528902120.jpg 787w, https:\/\/diarioregionaldigital.com.br\/wp-content\/uploads\/2020\/06\/fotoc-10-e1592528902120-300x225.jpg 300w, https:\/\/diarioregionaldigital.com.br\/wp-content\/uploads\/2020\/06\/fotoc-10-e1592528902120-768x576.jpg 768w, https:\/\/diarioregionaldigital.com.br\/wp-content\/uploads\/2020\/06\/fotoc-10-e1592528902120-360x270.jpg 360w\" sizes=\"auto, (max-width: 680px) 100vw, 680px\" \/><p id=\"caption-attachment-162581\" class=\"wp-caption-text\">O bonit\u00e3o Tiago Martins protegido com m\u00e1scara contra o Covid-19 no reino da O Botic\u00e1rio<\/p><\/div>\n<div id=\"attachment_162582\" style=\"width: 690px\" class=\"wp-caption aligncenter\"><img loading=\"lazy\" decoding=\"async\" aria-describedby=\"caption-attachment-162582\" class=\"wp-image-162582\" src=\"https:\/\/diarioregionaldigital.com.br\/wp-content\/uploads\/2020\/06\/fotod-9-e1592528938411.jpg\" alt=\"\" width=\"680\" height=\"502\" srcset=\"https:\/\/diarioregionaldigital.com.br\/wp-content\/uploads\/2020\/06\/fotod-9-e1592528938411.jpg 960w, https:\/\/diarioregionaldigital.com.br\/wp-content\/uploads\/2020\/06\/fotod-9-e1592528938411-300x221.jpg 300w, https:\/\/diarioregionaldigital.com.br\/wp-content\/uploads\/2020\/06\/fotod-9-e1592528938411-768x566.jpg 768w, https:\/\/diarioregionaldigital.com.br\/wp-content\/uploads\/2020\/06\/fotod-9-e1592528938411-360x266.jpg 360w\" sizes=\"auto, (max-width: 680px) 100vw, 680px\" \/><p id=\"caption-attachment-162582\" class=\"wp-caption-text\">Oct\u00e1vio Fagundes e os DubDogz Lucas e Marcos Schimitz espalhando lives com boa m\u00fasica<\/p><\/div>\n<div id=\"attachment_162583\" style=\"width: 690px\" class=\"wp-caption aligncenter\"><img loading=\"lazy\" decoding=\"async\" aria-describedby=\"caption-attachment-162583\" class=\"wp-image-162583\" src=\"https:\/\/diarioregionaldigital.com.br\/wp-content\/uploads\/2020\/06\/fotoe-11-e1592528978908.jpg\" alt=\"\" width=\"680\" height=\"511\" srcset=\"https:\/\/diarioregionaldigital.com.br\/wp-content\/uploads\/2020\/06\/fotoe-11-e1592528978908.jpg 674w, https:\/\/diarioregionaldigital.com.br\/wp-content\/uploads\/2020\/06\/fotoe-11-e1592528978908-300x225.jpg 300w, https:\/\/diarioregionaldigital.com.br\/wp-content\/uploads\/2020\/06\/fotoe-11-e1592528978908-360x270.jpg 360w\" sizes=\"auto, (max-width: 680px) 100vw, 680px\" \/><p id=\"caption-attachment-162583\" class=\"wp-caption-text\">A bonita Rebeca Felini, simples assim<\/p><\/div>\n<div id=\"attachment_162584\" style=\"width: 690px\" class=\"wp-caption aligncenter\"><img loading=\"lazy\" decoding=\"async\" aria-describedby=\"caption-attachment-162584\" class=\"wp-image-162584\" src=\"https:\/\/diarioregionaldigital.com.br\/wp-content\/uploads\/2020\/06\/fotof-12.jpg\" alt=\"\" width=\"680\" height=\"383\" srcset=\"https:\/\/diarioregionaldigital.com.br\/wp-content\/uploads\/2020\/06\/fotof-12.jpg 768w, https:\/\/diarioregionaldigital.com.br\/wp-content\/uploads\/2020\/06\/fotof-12-300x169.jpg 300w, https:\/\/diarioregionaldigital.com.br\/wp-content\/uploads\/2020\/06\/fotof-12-360x203.jpg 360w\" sizes=\"auto, (max-width: 680px) 100vw, 680px\" \/><p id=\"caption-attachment-162584\" class=\"wp-caption-text\">Chiqu\u00e9rrimos no Trade Hotel: Sonia Zoaim, Beth Ank, Carlos Barbosa e Fabiano Garcia<\/p><\/div>\n<div id=\"attachment_162585\" style=\"width: 690px\" class=\"wp-caption aligncenter\"><img loading=\"lazy\" decoding=\"async\" aria-describedby=\"caption-attachment-162585\" class=\"wp-image-162585\" src=\"https:\/\/diarioregionaldigital.com.br\/wp-content\/uploads\/2020\/06\/fotog-11-e1592529016797.jpg\" alt=\"\" width=\"680\" height=\"506\" srcset=\"https:\/\/diarioregionaldigital.com.br\/wp-content\/uploads\/2020\/06\/fotog-11-e1592529016797.jpg 1638w, https:\/\/diarioregionaldigital.com.br\/wp-content\/uploads\/2020\/06\/fotog-11-e1592529016797-300x223.jpg 300w, https:\/\/diarioregionaldigital.com.br\/wp-content\/uploads\/2020\/06\/fotog-11-e1592529016797-1024x761.jpg 1024w, https:\/\/diarioregionaldigital.com.br\/wp-content\/uploads\/2020\/06\/fotog-11-e1592529016797-768x571.jpg 768w, https:\/\/diarioregionaldigital.com.br\/wp-content\/uploads\/2020\/06\/fotog-11-e1592529016797-1536x1142.jpg 1536w, https:\/\/diarioregionaldigital.com.br\/wp-content\/uploads\/2020\/06\/fotog-11-e1592529016797-360x268.jpg 360w\" sizes=\"auto, (max-width: 680px) 100vw, 680px\" \/><p id=\"caption-attachment-162585\" class=\"wp-caption-text\">Com esperan\u00e7a de dias melhores, o jovem fil\u00f3sofo Juber Pac\u00edfico<\/p><\/div>\n<div id=\"attachment_162586\" style=\"width: 690px\" class=\"wp-caption aligncenter\"><img loading=\"lazy\" decoding=\"async\" aria-describedby=\"caption-attachment-162586\" class=\"wp-image-162586\" src=\"https:\/\/diarioregionaldigital.com.br\/wp-content\/uploads\/2020\/06\/fotoh-12-e1592529066680.jpg\" alt=\"\" width=\"680\" height=\"507\" srcset=\"https:\/\/diarioregionaldigital.com.br\/wp-content\/uploads\/2020\/06\/fotoh-12-e1592529066680.jpg 1351w, https:\/\/diarioregionaldigital.com.br\/wp-content\/uploads\/2020\/06\/fotoh-12-e1592529066680-300x224.jpg 300w, https:\/\/diarioregionaldigital.com.br\/wp-content\/uploads\/2020\/06\/fotoh-12-e1592529066680-1024x764.jpg 1024w, https:\/\/diarioregionaldigital.com.br\/wp-content\/uploads\/2020\/06\/fotoh-12-e1592529066680-768x573.jpg 768w, https:\/\/diarioregionaldigital.com.br\/wp-content\/uploads\/2020\/06\/fotoh-12-e1592529066680-360x269.jpg 360w\" sizes=\"auto, (max-width: 680px) 100vw, 680px\" \/><p id=\"caption-attachment-162586\" class=\"wp-caption-text\">Linda e feliz, a modelo e banc\u00e1ria Vanessa Silva<\/p><\/div>\n<p style=\"text-align: center;\"><strong>FOTOSS\u00cdNTESE<\/strong><\/p>\n<p>Com esperan\u00e7a de dias melhores, o atleta juiz-forano Felipe Silva treina com o irm\u00e3o Fabiano e negocia retorno ao oct\u00f3gono pelo Brave e pode voltar a lutar em agosto.<\/p>\n<p>Surgindo efeito positivo a s\u00e9rie de posts no Instagram com relatos sobre fatos e curiosidades sobre Juiz de Fora criado atrav\u00e9s do arquivo Central da UFJF e seus colaboradores.<\/p>\n<p>Aten\u00e7\u00e3o: negros, pardos, ind\u00edgenas, homossexuais, idosos e desempregados s\u00e3o gente e precisam ser respeitados. Fora preconceito!!<\/p>\n<p>Segue at\u00e9 30 de junho o \u201cFestival S\u00e3o Jo\u00e3o de Todos\u201d com lives atrav\u00e9s do aplicativo Kwai. Em cena ritmos de forr\u00f3 e pisadinha e entrevistas com artistas aulas de gastronomia com comidas t\u00edpicas das festas juninas.<\/p>\n<p>O relat\u00f3rio da Anvisa apontou que a Santa Casa de Miseric\u00f3rdia de Juiz de Fora alcan\u00e7ou 100% de conformidade das pr\u00e1ticas de seguran\u00e7as de seus pacientes. Comemorando, o presidente Renato Villela Loures.<\/p>\n<p>Din\u00e2mico e antenado, o m\u00e9dico antropos\u00f3fico Ant\u00f4nio Marques brilha com seu novo livro \u201cAs tr\u00eas faces do suic\u00eddio: o carma tr\u00e1gico da alma vazia de conte\u00fado\u201d. A coordena\u00e7\u00e3o \u00e9 da escritora Maria Helena Sleutjes, da editora Grypon.<\/p>\n<p>Ser\u00e1 retomado em 2021 o edital de interc\u00e2mbio internacional de estudantes promovido pela UFJF. A medida foi tomada como preven\u00e7\u00e3o \u00e1 pandemia do Covid-19.<\/p>\n<p>As m\u00e9dicas Maria Helena Macedo e a filha Ana Teresa continuam distribuindo leite todos os meses no Lact\u00e1rio S\u00e3o Jos\u00e9.<\/p>\n<p>Extra..Extra: Enquanto a cor da pele for mais importante que o brilho dos olhos, haver\u00e1 guerra. Bom dia.<\/p>\n<p><img loading=\"lazy\" decoding=\"async\" class=\"aligncenter size-full wp-image-162601\" src=\"https:\/\/diarioregionaldigital.com.br\/wp-content\/uploads\/2020\/06\/anuncio63-scaled.jpg\" alt=\"\" width=\"2560\" height=\"959\" srcset=\"https:\/\/diarioregionaldigital.com.br\/wp-content\/uploads\/2020\/06\/anuncio63-scaled.jpg 2560w, https:\/\/diarioregionaldigital.com.br\/wp-content\/uploads\/2020\/06\/anuncio63-300x112.jpg 300w, https:\/\/diarioregionaldigital.com.br\/wp-content\/uploads\/2020\/06\/anuncio63-1024x384.jpg 1024w, https:\/\/diarioregionaldigital.com.br\/wp-content\/uploads\/2020\/06\/anuncio63-768x288.jpg 768w, https:\/\/diarioregionaldigital.com.br\/wp-content\/uploads\/2020\/06\/anuncio63-1536x575.jpg 1536w, https:\/\/diarioregionaldigital.com.br\/wp-content\/uploads\/2020\/06\/anuncio63-2048x767.jpg 2048w, https:\/\/diarioregionaldigital.com.br\/wp-content\/uploads\/2020\/06\/anuncio63-360x135.jpg 360w\" sizes=\"auto, (max-width: 2560px) 100vw, 2560px\" \/><\/p>\n","protected":false},"excerpt":{"rendered":"<p>Idosos Em sintonia com o momento atual, a C\u00e2mara Municipal de Juiz de Fora promulgou a lei que garante a concess\u00e3o autom\u00e1tica de Isen\u00e7\u00e3o do imposto Sobre Servi\u00e7os de Qualquer Natureza (ISSQN) aos contribuintes aut\u00f4nomos com idade igual ou superior a 65 anos que atuam na cidade. A valida\u00e7\u00e3o da legisla\u00e7\u00e3o municipal, que j\u00e1 est\u00e1 [&hellip;]<\/p>\n","protected":false},"author":96,"featured_media":162579,"comment_status":"closed","ping_status":"closed","sticky":false,"template":"","format":"standard","meta":{"footnotes":""},"categories":[264],"tags":[],"class_list":["post-162602","post","type-post","status-publish","format-standard","has-post-thumbnail","hentry","category-eduardo-gomes"],"_links":{"self":[{"href":"https:\/\/diarioregionaldigital.com.br\/index.php?rest_route=\/wp\/v2\/posts\/162602","targetHints":{"allow":["GET"]}}],"collection":[{"href":"https:\/\/diarioregionaldigital.com.br\/index.php?rest_route=\/wp\/v2\/posts"}],"about":[{"href":"https:\/\/diarioregionaldigital.com.br\/index.php?rest_route=\/wp\/v2\/types\/post"}],"author":[{"embeddable":true,"href":"https:\/\/diarioregionaldigital.com.br\/index.php?rest_route=\/wp\/v2\/users\/96"}],"replies":[{"embeddable":true,"href":"https:\/\/diarioregionaldigital.com.br\/index.php?rest_route=%2Fwp%2Fv2%2Fcomments&post=162602"}],"version-history":[{"count":0,"href":"https:\/\/diarioregionaldigital.com.br\/index.php?rest_route=\/wp\/v2\/posts\/162602\/revisions"}],"wp:featuredmedia":[{"embeddable":true,"href":"https:\/\/diarioregionaldigital.com.br\/index.php?rest_route=\/wp\/v2\/media\/162579"}],"wp:attachment":[{"href":"https:\/\/diarioregionaldigital.com.br\/index.php?rest_route=%2Fwp%2Fv2%2Fmedia&parent=162602"}],"wp:term":[{"taxonomy":"category","embeddable":true,"href":"https:\/\/diarioregionaldigital.com.br\/index.php?rest_route=%2Fwp%2Fv2%2Fcategories&post=162602"},{"taxonomy":"post_tag","embeddable":true,"href":"https:\/\/diarioregionaldigital.com.br\/index.php?rest_route=%2Fwp%2Fv2%2Ftags&post=162602"}],"curies":[{"name":"wp","href":"https:\/\/api.w.org\/{rel}","templated":true}]}}