{"id":162597,"date":"2020-06-18T20:10:30","date_gmt":"2020-06-18T23:10:30","guid":{"rendered":"https:\/\/diarioregionaldigital.com.br\/?p=162597"},"modified":"2020-06-18T20:10:30","modified_gmt":"2020-06-18T23:10:30","slug":"boletim-covid-19-jf-registra-mais-duas-mortes-e-95-casos-confirmados-em-24-horas","status":"publish","type":"post","link":"https:\/\/diarioregionaldigital.com.br\/?p=162597","title":{"rendered":"Boletim Covid-19 &#8211; JF registra mais duas mortes e 95 casos confirmados em 24 horas"},"content":{"rendered":"<p>A Secretaria de Sa\u00fade (SS) da Prefeitura de Juiz de Fora (PJF) confirmou nesta quinta-feira, 18, mais duas mortes pelo novo coronav\u00edrus no munic\u00edpio, contabilizando 45 \u00f3bitos. As duas v\u00edtimas s\u00e3o idosos e morreram nesta quinta, 18. Um deles, de 88 anos, tinha Doen\u00e7a Cardiovascular Cr\u00f4nica (DCC), Hipertens\u00e3o Arterial Sist\u00eamica (HAS) e Parkinson. O outro, de 70 anos, tinha Doen\u00e7a Cardiovascular Cr\u00f4nica (DCC), Diabetes Mellitus (DM) e asma.<b>Todos os dados s\u00e3o referentes a moradores de Juiz de Fora.<\/b><\/p>\n<p>O Boletim Epidemiol\u00f3gico tamb\u00e9m confirmou mais 95 pessoas infectadas, totalizando 1.108 confirmados. Com as atualiza\u00e7\u00f5es, 134 novas suspeitas foram registradas, contabilizando 6.300.<\/p>\n<p><b>Boletim desta quinta, 18<\/b><\/p>\n<p>&#8211; 6.300 suspeitos<br \/>\n&#8211; 1.108 confirmados<br \/>\n&#8211; 45 \u00f3bitos confirmados<\/p>\n<p><strong>Fonte:\u00a0<\/strong>Assessoria<\/p>\n","protected":false},"excerpt":{"rendered":"<p>A Secretaria de Sa\u00fade (SS) da Prefeitura de Juiz de Fora (PJF) confirmou nesta quinta-feira, 18, mais duas mortes pelo novo coronav\u00edrus no munic\u00edpio, contabilizando 45 \u00f3bitos. As duas v\u00edtimas s\u00e3o idosos e morreram nesta quinta, 18. Um deles, de 88 anos, tinha Doen\u00e7a Cardiovascular Cr\u00f4nica (DCC), Hipertens\u00e3o Arterial Sist\u00eamica (HAS) e Parkinson. O outro, [&hellip;]<\/p>\n","protected":false},"author":96,"featured_media":161296,"comment_status":"closed","ping_status":"closed","sticky":false,"template":"","format":"standard","meta":{"footnotes":""},"categories":[253,436,440,439],"tags":[],"class_list":["post-162597","post","type-post","status-publish","format-standard","has-post-thumbnail","hentry","category-cidade","category-destaque-da-semana","category-destaques-do-dia","category-ultima-hora"],"_links":{"self":[{"href":"https:\/\/diarioregionaldigital.com.br\/index.php?rest_route=\/wp\/v2\/posts\/162597","targetHints":{"allow":["GET"]}}],"collection":[{"href":"https:\/\/diarioregionaldigital.com.br\/index.php?rest_route=\/wp\/v2\/posts"}],"about":[{"href":"https:\/\/diarioregionaldigital.com.br\/index.php?rest_route=\/wp\/v2\/types\/post"}],"author":[{"embeddable":true,"href":"https:\/\/diarioregionaldigital.com.br\/index.php?rest_route=\/wp\/v2\/users\/96"}],"replies":[{"embeddable":true,"href":"https:\/\/diarioregionaldigital.com.br\/index.php?rest_route=%2Fwp%2Fv2%2Fcomments&post=162597"}],"version-history":[{"count":0,"href":"https:\/\/diarioregionaldigital.com.br\/index.php?rest_route=\/wp\/v2\/posts\/162597\/revisions"}],"wp:featuredmedia":[{"embeddable":true,"href":"https:\/\/diarioregionaldigital.com.br\/index.php?rest_route=\/wp\/v2\/media\/161296"}],"wp:attachment":[{"href":"https:\/\/diarioregionaldigital.com.br\/index.php?rest_route=%2Fwp%2Fv2%2Fmedia&parent=162597"}],"wp:term":[{"taxonomy":"category","embeddable":true,"href":"https:\/\/diarioregionaldigital.com.br\/index.php?rest_route=%2Fwp%2Fv2%2Fcategories&post=162597"},{"taxonomy":"post_tag","embeddable":true,"href":"https:\/\/diarioregionaldigital.com.br\/index.php?rest_route=%2Fwp%2Fv2%2Ftags&post=162597"}],"curies":[{"name":"wp","href":"https:\/\/api.w.org\/{rel}","templated":true}]}}