{"id":162594,"date":"2020-06-18T20:07:57","date_gmt":"2020-06-18T23:07:57","guid":{"rendered":"https:\/\/diarioregionaldigital.com.br\/?p=162594"},"modified":"2020-06-18T21:09:38","modified_gmt":"2020-06-19T00:09:38","slug":"vereador-sargento-mello-casal-informa-que-esta-com-coronavirus","status":"publish","type":"post","link":"https:\/\/diarioregionaldigital.com.br\/?p=162594","title":{"rendered":"Vereador Sargento Mello Casal informa que est\u00e1 com Coronav\u00edrus"},"content":{"rendered":"<p>O vereador Mello Casal (PTB), informou no fim da tarde de quarta-feira (17), que testou positivo para Coronav\u00edrus. No \u00faltimo s\u00e1bado ele esteve em contato com um amigo que o informou no fim da tarde de ontem (17) ter testado positivo para a doen\u00e7a. Diante disso, o vereador pediu dispensa da reuni\u00e3o na C\u00e2mara Municipal e mesmo estando sintom\u00e1tico, realizou o exame RT-PCR.<\/p>\n<p>Diante disso, a C\u00e2mara Municipal de Juiz de Fora comunica que as reuni\u00f5es ordin\u00e1rias destas quinta e sexta-feira est\u00e3o suspensas para que o pr\u00e9dio passe por desinfec\u00e7\u00e3o devido \u00e0 suspeita de contamina\u00e7\u00e3o por Coronav\u00edrus.<\/p>\n<p>O vereador e sua fam\u00edlia passam bem e est\u00e3o em isolamento em sua resid\u00eancia. Os assessores realizar\u00e3o exames e a partir de hoje est\u00e3o tamb\u00e9m em isolamento social.<\/p>\n","protected":false},"excerpt":{"rendered":"<p>O vereador Mello Casal (PTB), informou no fim da tarde de quarta-feira (17), que testou positivo para Coronav\u00edrus. No \u00faltimo s\u00e1bado ele esteve em contato com um amigo que o informou no fim da tarde de ontem (17) ter testado positivo para a doen\u00e7a. Diante disso, o vereador pediu dispensa da reuni\u00e3o na C\u00e2mara Municipal [&hellip;]<\/p>\n","protected":false},"author":96,"featured_media":162599,"comment_status":"closed","ping_status":"closed","sticky":false,"template":"","format":"standard","meta":{"footnotes":""},"categories":[436,440,254,439],"tags":[],"class_list":["post-162594","post","type-post","status-publish","format-standard","has-post-thumbnail","hentry","category-destaque-da-semana","category-destaques-do-dia","category-politica","category-ultima-hora"],"_links":{"self":[{"href":"https:\/\/diarioregionaldigital.com.br\/index.php?rest_route=\/wp\/v2\/posts\/162594","targetHints":{"allow":["GET"]}}],"collection":[{"href":"https:\/\/diarioregionaldigital.com.br\/index.php?rest_route=\/wp\/v2\/posts"}],"about":[{"href":"https:\/\/diarioregionaldigital.com.br\/index.php?rest_route=\/wp\/v2\/types\/post"}],"author":[{"embeddable":true,"href":"https:\/\/diarioregionaldigital.com.br\/index.php?rest_route=\/wp\/v2\/users\/96"}],"replies":[{"embeddable":true,"href":"https:\/\/diarioregionaldigital.com.br\/index.php?rest_route=%2Fwp%2Fv2%2Fcomments&post=162594"}],"version-history":[{"count":0,"href":"https:\/\/diarioregionaldigital.com.br\/index.php?rest_route=\/wp\/v2\/posts\/162594\/revisions"}],"wp:featuredmedia":[{"embeddable":true,"href":"https:\/\/diarioregionaldigital.com.br\/index.php?rest_route=\/wp\/v2\/media\/162599"}],"wp:attachment":[{"href":"https:\/\/diarioregionaldigital.com.br\/index.php?rest_route=%2Fwp%2Fv2%2Fmedia&parent=162594"}],"wp:term":[{"taxonomy":"category","embeddable":true,"href":"https:\/\/diarioregionaldigital.com.br\/index.php?rest_route=%2Fwp%2Fv2%2Fcategories&post=162594"},{"taxonomy":"post_tag","embeddable":true,"href":"https:\/\/diarioregionaldigital.com.br\/index.php?rest_route=%2Fwp%2Fv2%2Ftags&post=162594"}],"curies":[{"name":"wp","href":"https:\/\/api.w.org\/{rel}","templated":true}]}}