{"id":162590,"date":"2020-06-18T19:23:01","date_gmt":"2020-06-18T22:23:01","guid":{"rendered":"https:\/\/diarioregionaldigital.com.br\/?p=162590"},"modified":"2020-06-18T19:23:01","modified_gmt":"2020-06-18T22:23:01","slug":"camara-suspende-reunioes-ordinarias-para-desinfeccao-do-plenario","status":"publish","type":"post","link":"https:\/\/diarioregionaldigital.com.br\/?p=162590","title":{"rendered":"C\u00e2mara suspende reuni\u00f5es ordin\u00e1rias para desinfec\u00e7\u00e3o do Plen\u00e1rio"},"content":{"rendered":"<p>A C\u00e2mara Municipal de Juiz de Fora comunica que as reuni\u00f5es ordin\u00e1rias destas quinta e sexta-feira est\u00e3o suspensas para que o pr\u00e9dio passe por desinfec\u00e7\u00e3o devido \u00e0 suspeita de contamina\u00e7\u00e3o por Coronav\u00edrus. A higieniza\u00e7\u00e3o seguir\u00e1 as normas e protocolos da Vigil\u00e2ncia Sanit\u00e1ria. Em nota, em sua rede social, o vereador Sargento Mello Casal informou que realizou teste para detec\u00e7\u00e3o de infec\u00e7\u00e3o por COVID-19 e o resultado foi positivo. O vereador pediu dispensa da Reuni\u00e3o Plen\u00e1ria e, mesmo n\u00e3o tendo nenhum sintoma, fez o exame RT-PCR, recebendo na tarde desta quinta-feira resultado positivo. O parlamentar imediatamente comunicou o fato \u00e0 Presid\u00eancia da C\u00e2mara Municipal e solicitou o afastamento das sess\u00f5es. A C\u00e2mara avalia agora a viabilidade de realiza\u00e7\u00e3o de exames para todos os funcion\u00e1rios que est\u00e3o em atividades presenciais.<\/p>\n<p><strong>Fonte:\u00a0<\/strong>Assessoria<\/p>\n","protected":false},"excerpt":{"rendered":"<p>A C\u00e2mara Municipal de Juiz de Fora comunica que as reuni\u00f5es ordin\u00e1rias destas quinta e sexta-feira est\u00e3o suspensas para que o pr\u00e9dio passe por desinfec\u00e7\u00e3o devido \u00e0 suspeita de contamina\u00e7\u00e3o por Coronav\u00edrus. A higieniza\u00e7\u00e3o seguir\u00e1 as normas e protocolos da Vigil\u00e2ncia Sanit\u00e1ria. Em nota, em sua rede social, o vereador Sargento Mello Casal informou que [&hellip;]<\/p>\n","protected":false},"author":96,"featured_media":162591,"comment_status":"closed","ping_status":"closed","sticky":false,"template":"","format":"standard","meta":{"footnotes":""},"categories":[436,440,254,439],"tags":[],"class_list":["post-162590","post","type-post","status-publish","format-standard","has-post-thumbnail","hentry","category-destaque-da-semana","category-destaques-do-dia","category-politica","category-ultima-hora"],"_links":{"self":[{"href":"https:\/\/diarioregionaldigital.com.br\/index.php?rest_route=\/wp\/v2\/posts\/162590","targetHints":{"allow":["GET"]}}],"collection":[{"href":"https:\/\/diarioregionaldigital.com.br\/index.php?rest_route=\/wp\/v2\/posts"}],"about":[{"href":"https:\/\/diarioregionaldigital.com.br\/index.php?rest_route=\/wp\/v2\/types\/post"}],"author":[{"embeddable":true,"href":"https:\/\/diarioregionaldigital.com.br\/index.php?rest_route=\/wp\/v2\/users\/96"}],"replies":[{"embeddable":true,"href":"https:\/\/diarioregionaldigital.com.br\/index.php?rest_route=%2Fwp%2Fv2%2Fcomments&post=162590"}],"version-history":[{"count":0,"href":"https:\/\/diarioregionaldigital.com.br\/index.php?rest_route=\/wp\/v2\/posts\/162590\/revisions"}],"wp:featuredmedia":[{"embeddable":true,"href":"https:\/\/diarioregionaldigital.com.br\/index.php?rest_route=\/wp\/v2\/media\/162591"}],"wp:attachment":[{"href":"https:\/\/diarioregionaldigital.com.br\/index.php?rest_route=%2Fwp%2Fv2%2Fmedia&parent=162590"}],"wp:term":[{"taxonomy":"category","embeddable":true,"href":"https:\/\/diarioregionaldigital.com.br\/index.php?rest_route=%2Fwp%2Fv2%2Fcategories&post=162590"},{"taxonomy":"post_tag","embeddable":true,"href":"https:\/\/diarioregionaldigital.com.br\/index.php?rest_route=%2Fwp%2Fv2%2Ftags&post=162590"}],"curies":[{"name":"wp","href":"https:\/\/api.w.org\/{rel}","templated":true}]}}