{"id":162576,"date":"2020-06-18T18:08:53","date_gmt":"2020-06-18T21:08:53","guid":{"rendered":"https:\/\/diarioregionaldigital.com.br\/?p=162576"},"modified":"2020-06-18T18:08:53","modified_gmt":"2020-06-18T21:08:53","slug":"comboio-da-vida-pela-vida-completa-um-mes-em-atividade","status":"publish","type":"post","link":"https:\/\/diarioregionaldigital.com.br\/?p=162576","title":{"rendered":"Comboio \u201cDa Vida, Pela Vida\u201d completa um m\u00eas em atividade"},"content":{"rendered":"<p>H\u00e1 um m\u00eas, o comboio de a\u00e7\u00f5es de preven\u00e7\u00e3o e de fiscaliza\u00e7\u00e3o \u201cDa Vida, Pela Vida\u201d dava in\u00edcio \u00e0s abordagens, dentro do processo de enfrentamento \u00e0 pandemia do novo coronav\u00edrus em Juiz de Fora. Neste per\u00edodo j\u00e1 foram realizadas 30 visitas e passagens das equipes por diferentes regi\u00f5es da cidade. O trabalho confere o cumprimento das determina\u00e7\u00f5es estabelecidas nos decretos municipais e orienta a popula\u00e7\u00e3o para o comportamento seguro diante do momento de urg\u00eancia em sa\u00fade. Nesta quinta-feira, 18, a opera\u00e7\u00e3o aconteceu na feira livre do Bairro Manoel Hon\u00f3rio, onde dois feirantes foram notificados pelo uso incorreto da m\u00e1scara.<\/p>\n<p>De acordo com o secret\u00e1rio de Seguran\u00e7a Urbana e Cidadania, Jos\u00e9 Sotter de Figueir\u00f4a Neto, a retomada dos comboios foi proposi\u00e7\u00e3o do Corpo de Bombeiros, prontamente acatada pela Prefeitura de Juiz de Fora (PJF): \u201cJ\u00e1 hav\u00edamos realizado a\u00e7\u00e3o semelhante, com a mensagem \u2018Fique em Casa\u2019, no in\u00edcio do isolamento. Com a ades\u00e3o ao plano \u2018Minas Consciente\u2019, ressurgiu a necessidade de promover o esclarecimento \u00e0 sociedade. Iniciativa muito bem aceita, tanto pelos \u00f3rg\u00e3os que a comp\u00f5em como pela cidade. Um trabalho integrado \u2018Da Vida, Pela Vida\u2019\u201d.<\/p>\n<p>O sucesso da projeto tem rela\u00e7\u00e3o direta com sua intersetoriedade. \u201c\u00d3rg\u00e3os da Prefeitura, como a Guarda Municipal (GM), Defesa Civil (DC), secretarias de Sa\u00fade (SS), de Transporte e Tr\u00e2nsito (Settra) e de Meio Ambiente e Ordenamento Urbano (Semaur), Ag\u00eancia de Prote\u00e7\u00e3o e Defesa do Consumidor (Procon) e Departamento Municipal de Limpeza Urbana (Demlurb), com apoio do Corpo de Bombeiros Militar, assumiram a miss\u00e3o de levar a mensagem de preven\u00e7\u00e3o mais pr\u00f3xima ao cidad\u00e3o. Isso surte muito efeito, quando as equipes chegam, se mostram, ajudam e d\u00e3o resposta \u00e0 sociedade\u201d, relatou a comandante da Guarda Municipal, Emilce de Castro. Nesta 30\u00aa a\u00e7\u00e3o, novo parceiro foi inclu\u00eddo ao grupo. Profissionais da equipe de Abordagem Social da Secretaria de Desenvolvimento Social (SDS) agora tamb\u00e9m fazem parte do trabalho.<\/p>\n<p>Para o secret\u00e1rio de Transportes e Tr\u00e2nsito, Eduardo Facio, o comboio \u201cDa Vida, Pela Vida\u201d, em seu trabalho de \u201corientar e conscientizar a popula\u00e7\u00e3o, em um momento como este, \u00e9 fundamental. Nossos agentes de tr\u00e2nsito est\u00e3o atuando n\u00e3o s\u00f3 no transporte coletivo urbano, mas em toda a cidade, fiscalizando e realizando campanhas sobre a import\u00e2ncia de usar equipamentos de prote\u00e7\u00e3o dentro dos coletivos e em qualquer local p\u00fablico. Juntos, podemos unir for\u00e7as no combate \u00e0 covid-19 e, consequentemente, proteger vidas\u201d.<\/p>\n<p>A cria\u00e7\u00e3o do comboio integra a estrat\u00e9gia de reabertura gradual das atividades econ\u00f4micas, estabelecidas na ades\u00e3o do Munic\u00edpio ao plano do Governo estadual, \u201cMinas Consciente\u201d. Sua din\u00e2mica inclui passagem pelas principais ruas da \u00e1rea visitada, com emiss\u00e3o de mensagem sonora preventiva. Depois, os integrantes seguem para o trabalho de corpo a corpo. O objetivo \u00e9 sensibilizar as pessoas sobre a import\u00e2ncia do cumprimento das medidas de preven\u00e7\u00e3o \u00e0 doen\u00e7a, bem como \u00e0s determina\u00e7\u00f5es legais relativas ao com\u00e9rcio. Material gr\u00e1fico \u00e9 distribu\u00eddo ao p\u00fablico, e m\u00e1scaras s\u00e3o doadas a pessoas que n\u00e3o possuam o acess\u00f3rio de prote\u00e7\u00e3o.<\/p>\n<p><strong>Fonte:\u00a0<\/strong>Assessoria<\/p>\n","protected":false},"excerpt":{"rendered":"<p>H\u00e1 um m\u00eas, o comboio de a\u00e7\u00f5es de preven\u00e7\u00e3o e de fiscaliza\u00e7\u00e3o \u201cDa Vida, Pela Vida\u201d dava in\u00edcio \u00e0s abordagens, dentro do processo de enfrentamento \u00e0 pandemia do novo coronav\u00edrus em Juiz de Fora. Neste per\u00edodo j\u00e1 foram realizadas 30 visitas e passagens das equipes por diferentes regi\u00f5es da cidade. O trabalho confere o cumprimento [&hellip;]<\/p>\n","protected":false},"author":96,"featured_media":162577,"comment_status":"closed","ping_status":"closed","sticky":false,"template":"","format":"standard","meta":{"footnotes":""},"categories":[253,436,439],"tags":[],"class_list":["post-162576","post","type-post","status-publish","format-standard","has-post-thumbnail","hentry","category-cidade","category-destaque-da-semana","category-ultima-hora"],"_links":{"self":[{"href":"https:\/\/diarioregionaldigital.com.br\/index.php?rest_route=\/wp\/v2\/posts\/162576","targetHints":{"allow":["GET"]}}],"collection":[{"href":"https:\/\/diarioregionaldigital.com.br\/index.php?rest_route=\/wp\/v2\/posts"}],"about":[{"href":"https:\/\/diarioregionaldigital.com.br\/index.php?rest_route=\/wp\/v2\/types\/post"}],"author":[{"embeddable":true,"href":"https:\/\/diarioregionaldigital.com.br\/index.php?rest_route=\/wp\/v2\/users\/96"}],"replies":[{"embeddable":true,"href":"https:\/\/diarioregionaldigital.com.br\/index.php?rest_route=%2Fwp%2Fv2%2Fcomments&post=162576"}],"version-history":[{"count":0,"href":"https:\/\/diarioregionaldigital.com.br\/index.php?rest_route=\/wp\/v2\/posts\/162576\/revisions"}],"wp:featuredmedia":[{"embeddable":true,"href":"https:\/\/diarioregionaldigital.com.br\/index.php?rest_route=\/wp\/v2\/media\/162577"}],"wp:attachment":[{"href":"https:\/\/diarioregionaldigital.com.br\/index.php?rest_route=%2Fwp%2Fv2%2Fmedia&parent=162576"}],"wp:term":[{"taxonomy":"category","embeddable":true,"href":"https:\/\/diarioregionaldigital.com.br\/index.php?rest_route=%2Fwp%2Fv2%2Fcategories&post=162576"},{"taxonomy":"post_tag","embeddable":true,"href":"https:\/\/diarioregionaldigital.com.br\/index.php?rest_route=%2Fwp%2Fv2%2Ftags&post=162576"}],"curies":[{"name":"wp","href":"https:\/\/api.w.org\/{rel}","templated":true}]}}