{"id":162573,"date":"2020-06-18T17:32:42","date_gmt":"2020-06-18T20:32:42","guid":{"rendered":"https:\/\/diarioregionaldigital.com.br\/?p=162573"},"modified":"2020-06-18T17:32:42","modified_gmt":"2020-06-18T20:32:42","slug":"zona-rural-recebe-a-guarda-municipal-no-dia-d-contra-o-coronavirus","status":"publish","type":"post","link":"https:\/\/diarioregionaldigital.com.br\/?p=162573","title":{"rendered":"Zona rural recebe a Guarda Municipal no \u201cDia D\u201d contra o coronav\u00edrus"},"content":{"rendered":"<p>A Guarda Municipal de Juiz de Fora realiza trabalho de preven\u00e7\u00e3o contra o coronav\u00edrus na zona rural do Munic\u00edpio nesta quinta-feira, 18. Uma equipe est\u00e1 percorrendo os distritos de Humait\u00e1, Penido, Valadares, Caet\u00e9, Monte Verde e Torre\u00f5es, com estrat\u00e9gia educativa e preventiva, em contato com os moradores destas comunidades. A proposta estende os servi\u00e7os da Guarda a uma \u00e1rea pouco abrangida por seu efetivo, ampliando as medidas de conten\u00e7\u00e3o \u00e0 prolifera\u00e7\u00e3o da covid-19 para estas localidades. A atividade atende ao chamado do Conselho de Comandantes de Minas Gerais, no \u201cDia D das Guardas Municipais\u201d em todo o estado.<\/p>\n<p>Neste per\u00edodo de pandemia, a Guarda Municipal de Juiz de Fora, \u00f3rg\u00e3o de servi\u00e7os essenciais, est\u00e1 comprometida com diversas a\u00e7\u00f5es de enfrentamento. A corpora\u00e7\u00e3o integra a for\u00e7a tarefa de fiscaliza\u00e7\u00e3o, tendo realizado 144 dilig\u00eancias a estabelecimentos comerciais, com 54 notifica\u00e7\u00f5es e uma autua\u00e7\u00e3o por descumprimento \u00e0s normas de seguran\u00e7a estabelecidas em decreto. A corpora\u00e7\u00e3o ainda participa das atividades do comboio contra o coronav\u00edrus e, em mar\u00e7o, lan\u00e7ou a \u201cRonda SUS\u201d, projeto de apoio em seguran\u00e7a aos setores de sa\u00fade, viabilizado por parceria firmada e entre as secretarias de Seguran\u00e7a Urbana e Cidadania (Sesuc) e a de Sa\u00fade (SS).<\/p>\n","protected":false},"excerpt":{"rendered":"<p>A Guarda Municipal de Juiz de Fora realiza trabalho de preven\u00e7\u00e3o contra o coronav\u00edrus na zona rural do Munic\u00edpio nesta quinta-feira, 18. Uma equipe est\u00e1 percorrendo os distritos de Humait\u00e1, Penido, Valadares, Caet\u00e9, Monte Verde e Torre\u00f5es, com estrat\u00e9gia educativa e preventiva, em contato com os moradores destas comunidades. A proposta estende os servi\u00e7os da [&hellip;]<\/p>\n","protected":false},"author":96,"featured_media":162574,"comment_status":"closed","ping_status":"closed","sticky":false,"template":"","format":"standard","meta":{"footnotes":""},"categories":[253,436,439],"tags":[],"class_list":["post-162573","post","type-post","status-publish","format-standard","has-post-thumbnail","hentry","category-cidade","category-destaque-da-semana","category-ultima-hora"],"_links":{"self":[{"href":"https:\/\/diarioregionaldigital.com.br\/index.php?rest_route=\/wp\/v2\/posts\/162573","targetHints":{"allow":["GET"]}}],"collection":[{"href":"https:\/\/diarioregionaldigital.com.br\/index.php?rest_route=\/wp\/v2\/posts"}],"about":[{"href":"https:\/\/diarioregionaldigital.com.br\/index.php?rest_route=\/wp\/v2\/types\/post"}],"author":[{"embeddable":true,"href":"https:\/\/diarioregionaldigital.com.br\/index.php?rest_route=\/wp\/v2\/users\/96"}],"replies":[{"embeddable":true,"href":"https:\/\/diarioregionaldigital.com.br\/index.php?rest_route=%2Fwp%2Fv2%2Fcomments&post=162573"}],"version-history":[{"count":0,"href":"https:\/\/diarioregionaldigital.com.br\/index.php?rest_route=\/wp\/v2\/posts\/162573\/revisions"}],"wp:featuredmedia":[{"embeddable":true,"href":"https:\/\/diarioregionaldigital.com.br\/index.php?rest_route=\/wp\/v2\/media\/162574"}],"wp:attachment":[{"href":"https:\/\/diarioregionaldigital.com.br\/index.php?rest_route=%2Fwp%2Fv2%2Fmedia&parent=162573"}],"wp:term":[{"taxonomy":"category","embeddable":true,"href":"https:\/\/diarioregionaldigital.com.br\/index.php?rest_route=%2Fwp%2Fv2%2Fcategories&post=162573"},{"taxonomy":"post_tag","embeddable":true,"href":"https:\/\/diarioregionaldigital.com.br\/index.php?rest_route=%2Fwp%2Fv2%2Ftags&post=162573"}],"curies":[{"name":"wp","href":"https:\/\/api.w.org\/{rel}","templated":true}]}}