{"id":162570,"date":"2020-06-18T17:31:40","date_gmt":"2020-06-18T20:31:40","guid":{"rendered":"https:\/\/diarioregionaldigital.com.br\/?p=162570"},"modified":"2020-06-18T17:31:40","modified_gmt":"2020-06-18T20:31:40","slug":"sds-distribui-mascaras-e-kits-de-higiene-para-populacao-em-situacao-de-rua","status":"publish","type":"post","link":"https:\/\/diarioregionaldigital.com.br\/?p=162570","title":{"rendered":"SDS distribui m\u00e1scaras e kits de higiene para popula\u00e7\u00e3o em situa\u00e7\u00e3o de rua"},"content":{"rendered":"<p>Nesta quinta-feira, 18, a Secretaria de Desenvolvimento Social (SDS) da Prefeitura de Juiz de Fora (PJF) distribuiu mais kits de higiene e m\u00e1scaras de prote\u00e7\u00e3o nas regi\u00f5es centrais e de aglomera\u00e7\u00e3o para a popula\u00e7\u00e3o em situa\u00e7\u00e3o de rua. A entrega foi realizada pela equipe de Abordagem Social, exclusivamente \u00e0s pessoas que n\u00e3o frequentam os servi\u00e7os de acolhimento oferecidos pelo Munic\u00edpio, desde o in\u00edcio da pandemia do novo coronav\u00edrus.<\/p>\n<p>Como forma de complementar a a\u00e7\u00e3o foram instalados pontos de \u00e1gua em regi\u00f5es estrat\u00e9gicas da cidade, como as pra\u00e7as Geremias Garcia, dos bairros Santa Luzia e Manoel Hon\u00f3rio e da Rep\u00fablica. Os mesmos equipamentos j\u00e1 foram colocados nas pra\u00e7as Ant\u00f4nio Carlos, Riachuelo e Teot\u00f4nio Vilela. Desta forma, com o kit de higiene, a pessoa em situa\u00e7\u00e3o de rua poder\u00e1 manter as m\u00e3os limpas e se proteger com as m\u00e1scaras.<\/p>\n<p>A equipe de Abordagem Social participou, tamb\u00e9m, do comboio do programa \u201cMinas Consciente\u201d, na feira do Bairro Manoel Hon\u00f3rio, e promoveu a\u00e7\u00e3o de panfletagem sobre trabalho infantil em S\u00e3o Mateus.<\/p>\n<p><strong>Fonte:\u00a0<\/strong>PJF<\/p>\n","protected":false},"excerpt":{"rendered":"<p>Nesta quinta-feira, 18, a Secretaria de Desenvolvimento Social (SDS) da Prefeitura de Juiz de Fora (PJF) distribuiu mais kits de higiene e m\u00e1scaras de prote\u00e7\u00e3o nas regi\u00f5es centrais e de aglomera\u00e7\u00e3o para a popula\u00e7\u00e3o em situa\u00e7\u00e3o de rua. A entrega foi realizada pela equipe de Abordagem Social, exclusivamente \u00e0s pessoas que n\u00e3o frequentam os servi\u00e7os [&hellip;]<\/p>\n","protected":false},"author":96,"featured_media":162571,"comment_status":"closed","ping_status":"closed","sticky":false,"template":"","format":"standard","meta":{"footnotes":""},"categories":[253,436,439],"tags":[],"class_list":["post-162570","post","type-post","status-publish","format-standard","has-post-thumbnail","hentry","category-cidade","category-destaque-da-semana","category-ultima-hora"],"_links":{"self":[{"href":"https:\/\/diarioregionaldigital.com.br\/index.php?rest_route=\/wp\/v2\/posts\/162570","targetHints":{"allow":["GET"]}}],"collection":[{"href":"https:\/\/diarioregionaldigital.com.br\/index.php?rest_route=\/wp\/v2\/posts"}],"about":[{"href":"https:\/\/diarioregionaldigital.com.br\/index.php?rest_route=\/wp\/v2\/types\/post"}],"author":[{"embeddable":true,"href":"https:\/\/diarioregionaldigital.com.br\/index.php?rest_route=\/wp\/v2\/users\/96"}],"replies":[{"embeddable":true,"href":"https:\/\/diarioregionaldigital.com.br\/index.php?rest_route=%2Fwp%2Fv2%2Fcomments&post=162570"}],"version-history":[{"count":0,"href":"https:\/\/diarioregionaldigital.com.br\/index.php?rest_route=\/wp\/v2\/posts\/162570\/revisions"}],"wp:featuredmedia":[{"embeddable":true,"href":"https:\/\/diarioregionaldigital.com.br\/index.php?rest_route=\/wp\/v2\/media\/162571"}],"wp:attachment":[{"href":"https:\/\/diarioregionaldigital.com.br\/index.php?rest_route=%2Fwp%2Fv2%2Fmedia&parent=162570"}],"wp:term":[{"taxonomy":"category","embeddable":true,"href":"https:\/\/diarioregionaldigital.com.br\/index.php?rest_route=%2Fwp%2Fv2%2Fcategories&post=162570"},{"taxonomy":"post_tag","embeddable":true,"href":"https:\/\/diarioregionaldigital.com.br\/index.php?rest_route=%2Fwp%2Fv2%2Ftags&post=162570"}],"curies":[{"name":"wp","href":"https:\/\/api.w.org\/{rel}","templated":true}]}}