{"id":162567,"date":"2020-06-18T17:29:41","date_gmt":"2020-06-18T20:29:41","guid":{"rendered":"https:\/\/diarioregionaldigital.com.br\/?p=162567"},"modified":"2020-06-18T17:29:41","modified_gmt":"2020-06-18T20:29:41","slug":"governador-pede-que-populacao-e-prefeitos-redobrem-os-cuidados-no-combate-a-pandemia","status":"publish","type":"post","link":"https:\/\/diarioregionaldigital.com.br\/?p=162567","title":{"rendered":"Governador pede que popula\u00e7\u00e3o e prefeitos redobrem os cuidados no combate \u00e0 pandemia"},"content":{"rendered":"<p>O governador Romeu Zema pediu, durante pronunciamento virtual nesta quinta-feira (18\/6), que a popula\u00e7\u00e3o redobre os cuidados na preven\u00e7\u00e3o ao coronav\u00edrus. \u201cMais do que nunca, o mineiro e os prefeitos ter\u00e3o que fazer suas partes. Intensifiquem os cuidados com o distanciamento, isolamento social e higieniza\u00e7\u00e3o. Caso contr\u00e1rio, perderemos tudo o que foi constru\u00eddo at\u00e9 o momento\u201d, alertou.<\/p>\n<p>Zema destacou que o estado registrou, na quarta-feira (17\/6),\u00a0a segunda pior marca de \u00f3bitos. \u201cNosso recorde, infelizmente, foi batido anteontem, com 35 \u00f3bitos, e, ontem, a segunda pior: 33 \u00f3bitos\u201d, lamentou. At\u00e9 o momento, Minas Gerais \u00e9 o estado com o segundo menor \u00edndice de \u00f3bitos, atr\u00e1s do Mato Grosso do Sul.<\/p>\n<p>Segundo o governador, a situa\u00e7\u00e3o tem se deteriorado e ficado cada dia mais preocupante. H\u00e1 exatamente um m\u00eas, o Estado tinha 7% das unidades de UTI ocupadas por pacientes da covid-19. Hoje, \u00e9 o dobro. &#8220;Sabemos que essa trajet\u00f3ria ascendente n\u00e3o pode continuar, sob pena de que, dentro de um m\u00eas, tenhamos um estrangulamento total do sistema de Sa\u00fade, apesar dos esfor\u00e7os que fazemos\u201d, explicou.<\/p>\n<p><strong>Infraestrutura<\/strong><\/p>\n<p>O Estado tem conseguido, com muito empenho, garantir condi\u00e7\u00e3o de assist\u00eancia em todo o seu territ\u00f3rio. Dentre as principais medidas destacam-se a expans\u00e3o de cerca de 1 mil leitos de alta complexidade credenciados no SUS, aquisi\u00e7\u00e3o e reparo de 1,5 mil respiradores e distribui\u00e7\u00e3o de equipamentos de prote\u00e7\u00e3o individual (EPIs).<\/p>\n<p>Al\u00e9m disso, o Hospital de Campanha, na capital, j\u00e1 se encontra estruturado com 740 leitos de enfermaria e 28 de estabiliza\u00e7\u00e3o.<\/p>\n<p><strong>Fonte:\u00a0<\/strong>Ag\u00eancia Brasil<\/p>\n","protected":false},"excerpt":{"rendered":"<p>O governador Romeu Zema pediu, durante pronunciamento virtual nesta quinta-feira (18\/6), que a popula\u00e7\u00e3o redobre os cuidados na preven\u00e7\u00e3o ao coronav\u00edrus. \u201cMais do que nunca, o mineiro e os prefeitos ter\u00e3o que fazer suas partes. Intensifiquem os cuidados com o distanciamento, isolamento social e higieniza\u00e7\u00e3o. Caso contr\u00e1rio, perderemos tudo o que foi constru\u00eddo at\u00e9 o [&hellip;]<\/p>\n","protected":false},"author":96,"featured_media":162568,"comment_status":"closed","ping_status":"closed","sticky":false,"template":"","format":"standard","meta":{"footnotes":""},"categories":[436,254,439],"tags":[],"class_list":["post-162567","post","type-post","status-publish","format-standard","has-post-thumbnail","hentry","category-destaque-da-semana","category-politica","category-ultima-hora"],"_links":{"self":[{"href":"https:\/\/diarioregionaldigital.com.br\/index.php?rest_route=\/wp\/v2\/posts\/162567","targetHints":{"allow":["GET"]}}],"collection":[{"href":"https:\/\/diarioregionaldigital.com.br\/index.php?rest_route=\/wp\/v2\/posts"}],"about":[{"href":"https:\/\/diarioregionaldigital.com.br\/index.php?rest_route=\/wp\/v2\/types\/post"}],"author":[{"embeddable":true,"href":"https:\/\/diarioregionaldigital.com.br\/index.php?rest_route=\/wp\/v2\/users\/96"}],"replies":[{"embeddable":true,"href":"https:\/\/diarioregionaldigital.com.br\/index.php?rest_route=%2Fwp%2Fv2%2Fcomments&post=162567"}],"version-history":[{"count":0,"href":"https:\/\/diarioregionaldigital.com.br\/index.php?rest_route=\/wp\/v2\/posts\/162567\/revisions"}],"wp:featuredmedia":[{"embeddable":true,"href":"https:\/\/diarioregionaldigital.com.br\/index.php?rest_route=\/wp\/v2\/media\/162568"}],"wp:attachment":[{"href":"https:\/\/diarioregionaldigital.com.br\/index.php?rest_route=%2Fwp%2Fv2%2Fmedia&parent=162567"}],"wp:term":[{"taxonomy":"category","embeddable":true,"href":"https:\/\/diarioregionaldigital.com.br\/index.php?rest_route=%2Fwp%2Fv2%2Fcategories&post=162567"},{"taxonomy":"post_tag","embeddable":true,"href":"https:\/\/diarioregionaldigital.com.br\/index.php?rest_route=%2Fwp%2Fv2%2Ftags&post=162567"}],"curies":[{"name":"wp","href":"https:\/\/api.w.org\/{rel}","templated":true}]}}