{"id":162561,"date":"2020-06-18T17:21:34","date_gmt":"2020-06-18T20:21:34","guid":{"rendered":"https:\/\/diarioregionaldigital.com.br\/?p=162561"},"modified":"2020-06-18T17:21:34","modified_gmt":"2020-06-18T20:21:34","slug":"governo-aumenta-oferta-de-leitos-de-uti-em-48-em-quatro-meses","status":"publish","type":"post","link":"https:\/\/diarioregionaldigital.com.br\/?p=162561","title":{"rendered":"Governo aumenta oferta de leitos de UTI em 48% em quatro meses"},"content":{"rendered":"<p>Durante coletiva virtual realizada na tarde desta quinta-feira (18\/6), o secret\u00e1rio de Estado de\u00a0Sa\u00fade\u00a0de Minas Gerais, Carlos Eduardo Amaral &#8211; juntamente com o governador do Estado, Romeu Zema &#8211; apresentou a situa\u00e7\u00e3o atual da covid-19. Um dos temas abordados foi a amplia\u00e7\u00e3o da assist\u00eancias aos pacientes mineiros.<\/p>\n<p>\u201cNo in\u00edcio de fevereiro, t\u00ednhamos 2.013 leitos de UTI na rede p\u00fablica de Sa\u00fade. Hoje, contamos com 2.964 leitos e, ainda esta semana, ampliaremos mais 23 Unidades de Terapia Intensiva na\u00a0Funda\u00e7\u00e3o Hospitalar do Estado de Minas Gerais (Fhemig). Isso representa um aumento, em quatro meses, de 900 leitos &#8211; 48% a mais que o n\u00famero inicial. Isso mostra que, efetivamente, conseguimos ampliar a capacidade assistencial do estado para o enfrentamento da pandemia\u201d, avalia o secret\u00e1rio.<\/p>\n<p>Ao apresentar os dados do boletim epidemiol\u00f3gico da covid-19 em Minas, Carlos Eduardo Amaral refor\u00e7ou, mais uma vez, a import\u00e2ncia das medidas de conten\u00e7\u00e3o da doen\u00e7a.<\/p>\n<p>\u201cHoje, temos 24.906 casos confirmados, 10.658 em acompanhamento e 570 \u00f3bitos confirmados. No in\u00edcio da epidemia, para cada 100 exames que faz\u00edamos, t\u00ednhamos 2 ou 3 casos positivos. Isso dava para inferir que, de forma global, dos casos notificados por gripe ou das pessoas com quadro gripal no estado,\u00a0ter\u00edamos 2% ou 3% de casos positivos ou pessoas que pudessem estar efetivamente com a covid-19. No momento, estamos com 39% de casos positivos quando os exames s\u00e3o realizados\u201d, explica.<\/p>\n<p><strong>Abastecimento de rem\u00e9dios<\/strong><\/p>\n<p>Em rela\u00e7\u00e3o \u00e0 falta dos medicamentos em hospitais do estado, Amaral informou que essa dificuldade de abastecimento \u00e9 vivenciada n\u00e3o s\u00f3 por Minas, mas pelo Brasil. \u201cNa Fhemig, ainda temos medicamentos, mas estamos tendo dificuldade para novas aquisi\u00e7\u00f5es. Estamos acompanhando e tentando medidas para solucionar essa situa\u00e7\u00e3o\u201d, afirma.<\/p>\n<p>De acordo com o secret\u00e1rio, est\u00e1 sendo feito um grupo no qual a\u00a0SES-MG e as demais secretarias do pa\u00eds t\u00eam como\u00a0objetivo obter, por meio da Organiza\u00e7\u00e3o Pan-Americana da Sa\u00fade (Opas) ou do Minist\u00e9rio da Sa\u00fade (MS), a importa\u00e7\u00e3o desses medicamentos.<\/p>\n<p>\u201cBuscamos, com isso, suprir o mercado interno. Como o MS est\u00e1 muito pr\u00f3ximo do Conselho Nacional de Secret\u00e1rios Estaduais de Sa\u00fade (Conass), temos uma chance real do abastecimento pleno desses medicamentos. Mas, neste momento, ainda n\u00e3o temos uma defini\u00e7\u00e3o sobre o \u00eaxito dessa compra mais ampliada e quando essas unidades chegar\u00e3o\u201d, explica.<\/p>\n<p><strong>Teste saliva<\/strong><\/p>\n<p>Sobre as testagens, o secret\u00e1rio enfatizou que a equipe avalia diariamente como melhorar os resultados.<\/p>\n<p>\u201cEstamos em fase avan\u00e7ada de valida\u00e7\u00e3o sobre o uso da saliva para testagem da covid-19.\u00a0Precisamos ter um n\u00famero de exames suficientes para a qualifica\u00e7\u00e3o dos dados, de forma que possamos transformar isso em pol\u00edticas p\u00fablicas. O uso de saliva ser\u00e1 muito \u00fatil. Neste momento, temos a inten\u00e7\u00e3o de ampliar a testagem no combate e na restri\u00e7\u00e3o da dissemina\u00e7\u00e3o da doen\u00e7a\u201d, afirma.<\/p>\n<p><main class=\"clear margin-md-bottom-3\"><\/p>\n<div class=\"clear col-md-10 col-md-offset-1 \">\n<p>Tamb\u00e9m participou da coletiva virtual, o secret\u00e1rio adjunto de\u00a0Desenvolvimento Econ\u00f4mico, Fernando Passalio.<\/p>\n<p><strong>Fonte:\u00a0<\/strong>Ag\u00eancia Minas<\/p>\n<\/div>\n<p><\/main><\/p>\n","protected":false},"excerpt":{"rendered":"<p>Durante coletiva virtual realizada na tarde desta quinta-feira (18\/6), o secret\u00e1rio de Estado de\u00a0Sa\u00fade\u00a0de Minas Gerais, Carlos Eduardo Amaral &#8211; juntamente com o governador do Estado, Romeu Zema &#8211; apresentou a situa\u00e7\u00e3o atual da covid-19. Um dos temas abordados foi a amplia\u00e7\u00e3o da assist\u00eancias aos pacientes mineiros. \u201cNo in\u00edcio de fevereiro, t\u00ednhamos 2.013 leitos de [&hellip;]<\/p>\n","protected":false},"author":96,"featured_media":162562,"comment_status":"closed","ping_status":"closed","sticky":false,"template":"","format":"standard","meta":{"footnotes":""},"categories":[436,440,254,439],"tags":[],"class_list":["post-162561","post","type-post","status-publish","format-standard","has-post-thumbnail","hentry","category-destaque-da-semana","category-destaques-do-dia","category-politica","category-ultima-hora"],"_links":{"self":[{"href":"https:\/\/diarioregionaldigital.com.br\/index.php?rest_route=\/wp\/v2\/posts\/162561","targetHints":{"allow":["GET"]}}],"collection":[{"href":"https:\/\/diarioregionaldigital.com.br\/index.php?rest_route=\/wp\/v2\/posts"}],"about":[{"href":"https:\/\/diarioregionaldigital.com.br\/index.php?rest_route=\/wp\/v2\/types\/post"}],"author":[{"embeddable":true,"href":"https:\/\/diarioregionaldigital.com.br\/index.php?rest_route=\/wp\/v2\/users\/96"}],"replies":[{"embeddable":true,"href":"https:\/\/diarioregionaldigital.com.br\/index.php?rest_route=%2Fwp%2Fv2%2Fcomments&post=162561"}],"version-history":[{"count":0,"href":"https:\/\/diarioregionaldigital.com.br\/index.php?rest_route=\/wp\/v2\/posts\/162561\/revisions"}],"wp:featuredmedia":[{"embeddable":true,"href":"https:\/\/diarioregionaldigital.com.br\/index.php?rest_route=\/wp\/v2\/media\/162562"}],"wp:attachment":[{"href":"https:\/\/diarioregionaldigital.com.br\/index.php?rest_route=%2Fwp%2Fv2%2Fmedia&parent=162561"}],"wp:term":[{"taxonomy":"category","embeddable":true,"href":"https:\/\/diarioregionaldigital.com.br\/index.php?rest_route=%2Fwp%2Fv2%2Fcategories&post=162561"},{"taxonomy":"post_tag","embeddable":true,"href":"https:\/\/diarioregionaldigital.com.br\/index.php?rest_route=%2Fwp%2Fv2%2Ftags&post=162561"}],"curies":[{"name":"wp","href":"https:\/\/api.w.org\/{rel}","templated":true}]}}