{"id":162555,"date":"2020-06-18T17:16:29","date_gmt":"2020-06-18T20:16:29","guid":{"rendered":"https:\/\/diarioregionaldigital.com.br\/?p=162555"},"modified":"2020-06-18T17:16:29","modified_gmt":"2020-06-18T20:16:29","slug":"macrorregioes-centro-e-norte-voltarao-a-ondas-mais-rigidas-do-plano-minas-consciente-apos-aumento-de-casos","status":"publish","type":"post","link":"https:\/\/diarioregionaldigital.com.br\/?p=162555","title":{"rendered":"Macrorregi\u00f5es Centro e Norte voltar\u00e3o a ondas mais r\u00edgidas do plano Minas Consciente ap\u00f3s aumento de casos"},"content":{"rendered":"<p>As macrorregi\u00f5es de Sa\u00fade\u00a0Centro\u00a0e\u00a0Norte retornar\u00e3o \u00e0s ondas verde e branca, respectivamente, do plano Minas Consciente, conforme decis\u00e3o anunciada pelo Comit\u00ea Extraordin\u00e1rio Covid-19, nessa quarta-feira (17). A medida pretende preservar a sa\u00fade da popula\u00e7\u00e3o, j\u00e1 que as duas regi\u00f5es apresentaram aumento expressivo no n\u00famero de casos da doen\u00e7a, colocando em risco a capacidade assistencial da rede hospitalar.<\/p>\n<p>Com o retrocesso, os 101 munic\u00edpios da macrorregi\u00e3o Centro, que engloba a Regi\u00e3o Metropolitana de Belo Horizonte, est\u00e3o orientados a manter abertos somente os servi\u00e7os essenciais, como padarias, farm\u00e1cias e supermercados. J\u00e1 as 86 cidades do Norte est\u00e3o orientadas a fecharem temporariamente estabelecimentos como papelarias, sal\u00f5es de beleza e lojas de roupas. Podem continuar funcionando os servi\u00e7os essenciais e as atividades autorizadas na onda branca, a exemplo das autoescolas, lojas de artigos esportivos e floriculturas.<\/p>\n<p>As outras 12 macrorregi\u00f5es de Sa\u00fade seguem nas ondas estipuladas na \u00faltima semana, mas s\u00e3o monitoradas diariamente, com possibilidade de retrocesso a qualquer momento, caso o quadro se agrave.<\/p>\n<p>O governador Romeu Zema fez um alerta sobre o avan\u00e7o da doen\u00e7a em Minas e pediu que a popula\u00e7\u00e3o mantenha o m\u00e1ximo poss\u00edvel de isolamento e n\u00e3o descuide das medidas de prote\u00e7\u00e3o individual nas pr\u00f3ximas semanas.<\/p>\n<p>\u201cPedimos para que o mineiro, que se comportou t\u00e3o bem at\u00e9 agora, n\u00e3o relaxe com rela\u00e7\u00e3o \u00e0s medidas preventivas. Quem puder ficar isolado, fique. O grupo de risco n\u00e3o deve sair de casa. Minas Gerais j\u00e1 rompeu a barreira dos 500 \u00f3bitos, uma marca triste, e sabemos que esse n\u00famero, independentemente das nossas a\u00e7\u00f5es, continuar\u00e1 subindo at\u00e9 o momento de pico que, conforme a previs\u00e3o dos especialistas, deve ser no m\u00eas de julho. Por isso, pe\u00e7o que todos redobrem os cuidados nas pr\u00f3ximas 4 ou 5 semanas, porque elas ser\u00e3o decisivas. Se passarmos bem por esse per\u00edodo, com certeza teremos um horizonte mais seguro a partir da\u00ed\u201d, afirmou.<\/p>\n<p><strong>Preven\u00e7\u00e3o<\/strong><\/p>\n<p>Al\u00e9m do isolamento, Zema reafirmou a import\u00e2ncia de praticar o distanciamento social, o uso da m\u00e1scara e as medidas de higieniza\u00e7\u00e3o. Ele tamb\u00e9m destacou que a gest\u00e3o estadual vem se esfor\u00e7ando para ampliar a capacidade de atendimento.<\/p>\n<p>\u201cNesta semana, fizemos a entrega de mais 79 leitos de UTIs, o que vem a fortalecer ainda mais o sistema de Sa\u00fade do Estado, e estamos criando mais 23 leitos de UTI no Hospital Julia Kubitschek, em Belo Horizonte. Al\u00e9m disso, entregamos 500 novos respiradores. A Secretaria de Sa\u00fade est\u00e1 sendo extremamente criteriosa na distribui\u00e7\u00e3o desses equipamentos e eles ir\u00e3o para aquelas regi\u00f5es que apresentam um cen\u00e1rio mais cr\u00edtico, levando em conta o n\u00famero de pessoas que precisam ou precisar\u00e3o de tratamento intensivo, de acordo com a indica\u00e7\u00e3o da curva, e a quantidade de leitos dispon\u00edveis\u201d, explicou.<\/p>\n<p>Todas as mudan\u00e7as definidas na reuni\u00e3o do Comit\u00ea Extraordin\u00e1rio Covid-19 passar\u00e3o a valer a partir do pr\u00f3ximo s\u00e1bado (20\/6), com a publica\u00e7\u00e3o no\u00a0Di\u00e1rio Oficial do Estado.<\/p>\n<p><strong>Minas Consciente<\/strong><\/p>\n<p>O plano Minas Consciente foi criado pelo Governo de Minas para promover a retomada econ\u00f4mica gradual e coordenada nas cidades mineiras durante a pandemia do coronav\u00edrus, sugerindo medidas que preservem a sa\u00fade dos mineiros.<\/p>\n<p>At\u00e9 o dia 17 de junho, 145 prefeituras j\u00e1 tinham oficializado a ades\u00e3o ao Minas Consciente.\u00a0O plano setoriza as atividades econ\u00f4micas em quatro \u201condas\u201d (onda verde \u2013 servi\u00e7os essenciais; onda branca \u2013 primeira fase; onda amarela \u2013 segunda fase; onda vermelha \u2013 terceira fase), a serem liberadas para funcionamento de forma progressiva, conforme indicadores de capacidade assistencial e de propaga\u00e7\u00e3o da doen\u00e7a.<\/p>\n<p>As mudan\u00e7as de ondas s\u00e3o avaliadas semanalmente pelo Comit\u00ea Extraordin\u00e1rio Covid-19. Al\u00e9m do governador e de todo o secretariado do Executivo mineiro, o grupo, criado especialmente para monitorar o avan\u00e7o da epidemia no estado, conta com representantes do Minist\u00e9rio P\u00fablico do Trabalho, do Minist\u00e9rio P\u00fablico de Minas Gerais, da Defensoria P\u00fablica e do Tribunal de Contas do Estado.<\/p>\n<p>O plano tem objetivo de orientar as prefeituras. Ficar\u00e1 a crit\u00e9rio de cada prefeito aderir e seguir os protocolos em seu munic\u00edpio. Os empres\u00e1rios que desejam reativar seus estabelecimentos devem consultar se a prefeitura local aderiu ao plano\u00a0e seguir as orienta\u00e7\u00f5es da\u00a0Secretaria de Estado de Sa\u00fade (SES-MG).<\/p>\n<p><strong>Onda amarela<\/strong><\/p>\n<p>A macrorregi\u00e3o\u00a0de Sa\u00fade\u00a0Leste do Sul\u00a0apresentou resultados favor\u00e1veis ap\u00f3s a ado\u00e7\u00e3o das medidas mais flex\u00edveis, permitindo, assim, a manuten\u00e7\u00e3o do funcionamento seguro de espa\u00e7os como lojas de variedades, lojas de departamentos ou magazines (exceto Duty Free), tabacarias, livrarias, papelarias e lojas de vestu\u00e1rio. A manuten\u00e7\u00e3o \u00e9 poss\u00edvel gra\u00e7as \u00e0s taxas controladas da doen\u00e7a nas regi\u00f5es e o \u00edndice seguro de ocupa\u00e7\u00e3o de leitos de UTI. Contudo, vale lembrar que os n\u00fameros s\u00e3o acompanhados diariamente e as recomenda\u00e7\u00f5es podem ser alteradas a qualquer momento, caso sejam identificados fatores que coloquem em risco a sa\u00fade da popula\u00e7\u00e3o.<\/p>\n<p>As empresas localizadas nas macrorregi\u00f5es que est\u00e3o na onda amarela dever\u00e3o seguir protocolos de seguran\u00e7a para a reativa\u00e7\u00e3o. Alguns deles s\u00e3o: demarcar com sinaliza\u00e7\u00e3o no lado externo do estabelecimento a dist\u00e2ncia de 2 metros entre as pessoas que ficarem nas filas; s\u00f3 permitir a entrada de clientes se estiverem utilizando m\u00e1scaras; dar atendimento preferencial e especial a idosos, hipertensos, diab\u00e9ticos e gestantes, garantindo um fluxo \u00e1gil de maneira que essas pessoas permane\u00e7am o m\u00ednimo de tempo poss\u00edvel no interior do estabelecimento; e limitar o n\u00famero de funcion\u00e1rios ao estritamente necess\u00e1rio para o funcionamento do servi\u00e7o. Todos os protocolos est\u00e3o dispon\u00edveis no site\u00a0<a href=\"http:\/\/www.mg.gov.br\/minasconsciente\/empresarios\" target=\"_blank\" rel=\"noopener noreferrer\">www.mg.gov.br\/minasconsciente\/empresarios<\/a>.<\/p>\n<p><strong>Onda branca<\/strong><\/p>\n<p>Ap\u00f3s voltar para a onda branca, a macrorregi\u00e3o Norte se junta \u00e0s macrorregi\u00f5es de Sa\u00fade\u00a0Sul\u00a0e\u00a0Centro-Sul, que dever\u00e3o manter as medidas j\u00e1 adotadas nas \u00faltimas semanas.<\/p>\n<p>Vale lembrar que, para a reabertura segura, os comerciantes devem seguir os protocolos do plano Minas Consciente. Algumas das orienta\u00e7\u00f5es s\u00e3o que os estabelecimentos tenham meios para higieniza\u00e7\u00e3o das m\u00e3os com \u00e1gua e sab\u00e3o ou \u00e1lcool em gel 70%. Eles tamb\u00e9m devem fornecer Equipamentos de Prote\u00e7\u00e3o Individual adequados para a atividade exercida e providenciar barreira de prote\u00e7\u00e3o f\u00edsica quando os funcion\u00e1rios estiverem em contato com o cliente.<\/p>\n<p><strong>Onda verde<\/strong><\/p>\n<p>Al\u00e9m da regi\u00e3o Centro, que voltou \u00e0 onda verde ap\u00f3s o aumento no n\u00famero de casos, as regi\u00f5es\u00a0Noroeste,\u00a0Nordeste,\u00a0Jequitinhonha,\u00a0Leste,\u00a0Vale do A\u00e7o,\u00a0Sudeste,\u00a0Oeste,\u00a0Tri\u00e2ngulo do Sul\u00a0e\u00a0Tri\u00e2ngulo do Norte\u00a0ainda n\u00e3o apresentam \u00edndices favor\u00e1veis para a retomada de novos setores econ\u00f4micos, j\u00e1 que a rela\u00e7\u00e3o entre o n\u00famero de leitos e a incid\u00eancia de novos casos, al\u00e9m do tempo m\u00e9dio para interna\u00e7\u00e3o ap\u00f3s solicita\u00e7\u00e3o, n\u00e3o permitem uma folga confi\u00e1vel se o n\u00famero de casos crescer em decorr\u00eancia da reabertura de novos estabelecimentos.<\/p>\n<p>Por isso, a orienta\u00e7\u00e3o \u00e9 que os munic\u00edpios dessas regi\u00f5es continuem seguindo os protocolos previstos na onda verde, para preservar a sa\u00fade da popula\u00e7\u00e3o e a capacidade de atendimento do sistema de sa\u00fade local.<\/p>\n<p><strong>Fonte:\u00a0<\/strong>Ag\u00eancia Minas<\/p>\n","protected":false},"excerpt":{"rendered":"<p>As macrorregi\u00f5es de Sa\u00fade\u00a0Centro\u00a0e\u00a0Norte retornar\u00e3o \u00e0s ondas verde e branca, respectivamente, do plano Minas Consciente, conforme decis\u00e3o anunciada pelo Comit\u00ea Extraordin\u00e1rio Covid-19, nessa quarta-feira (17). A medida pretende preservar a sa\u00fade da popula\u00e7\u00e3o, j\u00e1 que as duas regi\u00f5es apresentaram aumento expressivo no n\u00famero de casos da doen\u00e7a, colocando em risco a capacidade assistencial da rede [&hellip;]<\/p>\n","protected":false},"author":96,"featured_media":162556,"comment_status":"closed","ping_status":"closed","sticky":false,"template":"","format":"standard","meta":{"footnotes":""},"categories":[436,254,439],"tags":[],"class_list":["post-162555","post","type-post","status-publish","format-standard","has-post-thumbnail","hentry","category-destaque-da-semana","category-politica","category-ultima-hora"],"_links":{"self":[{"href":"https:\/\/diarioregionaldigital.com.br\/index.php?rest_route=\/wp\/v2\/posts\/162555","targetHints":{"allow":["GET"]}}],"collection":[{"href":"https:\/\/diarioregionaldigital.com.br\/index.php?rest_route=\/wp\/v2\/posts"}],"about":[{"href":"https:\/\/diarioregionaldigital.com.br\/index.php?rest_route=\/wp\/v2\/types\/post"}],"author":[{"embeddable":true,"href":"https:\/\/diarioregionaldigital.com.br\/index.php?rest_route=\/wp\/v2\/users\/96"}],"replies":[{"embeddable":true,"href":"https:\/\/diarioregionaldigital.com.br\/index.php?rest_route=%2Fwp%2Fv2%2Fcomments&post=162555"}],"version-history":[{"count":0,"href":"https:\/\/diarioregionaldigital.com.br\/index.php?rest_route=\/wp\/v2\/posts\/162555\/revisions"}],"wp:featuredmedia":[{"embeddable":true,"href":"https:\/\/diarioregionaldigital.com.br\/index.php?rest_route=\/wp\/v2\/media\/162556"}],"wp:attachment":[{"href":"https:\/\/diarioregionaldigital.com.br\/index.php?rest_route=%2Fwp%2Fv2%2Fmedia&parent=162555"}],"wp:term":[{"taxonomy":"category","embeddable":true,"href":"https:\/\/diarioregionaldigital.com.br\/index.php?rest_route=%2Fwp%2Fv2%2Fcategories&post=162555"},{"taxonomy":"post_tag","embeddable":true,"href":"https:\/\/diarioregionaldigital.com.br\/index.php?rest_route=%2Fwp%2Fv2%2Ftags&post=162555"}],"curies":[{"name":"wp","href":"https:\/\/api.w.org\/{rel}","templated":true}]}}