{"id":162552,"date":"2020-06-18T17:10:44","date_gmt":"2020-06-18T20:10:44","guid":{"rendered":"https:\/\/diarioregionaldigital.com.br\/?p=162552"},"modified":"2020-06-18T17:10:44","modified_gmt":"2020-06-18T20:10:44","slug":"ausencia-do-tenis-paralimpico-no-us-open-2020-causa-polemica","status":"publish","type":"post","link":"https:\/\/diarioregionaldigital.com.br\/?p=162552","title":{"rendered":"Aus\u00eancia do t\u00eanis paral\u00edmpico no US Open 2020 causa pol\u00eamica"},"content":{"rendered":"<p><span style=\"font-weight: 400;\">A confirma\u00e7\u00e3o da edi\u00e7\u00e3o 2020 do US Open de t\u00eanis, agradou boa parte dos atletas participantes e do p\u00fablico. No entanto, a aus\u00eancia da modalidade para cadeirantes neste ano, gerou pol\u00eamica e bastante contestada pelos pr\u00f3prios atletas, assim como <\/span><span style=\"font-weight: 400;\">na Federa\u00e7\u00e3o de T\u00eanis Internacional (ITF em ingl\u00eas) e no Comit\u00ea Paral\u00edmpico Internacional (CPI).<\/span><\/p>\n<p><span style=\"font-weight: 400;\">Diante da pol\u00eamica decis\u00e3o, atletas paral\u00edmpicos comentaram sobre o caso atrav\u00e9s de postagens em redes sociais. O campe\u00e3o paraol\u00edmpico australiano, o n\u00famero 1 do mundo no quad e o m\u00faltiplo vencedor do Grand Slam Dylan Alcott publicou uma s\u00e9rie de tweets, criticando a decis\u00e3o:<\/span><\/p>\n<p><span style=\"font-weight: 400;\">\u201cAcabei de ser informado que o US Open seguir\u00e1 em frente SEM t\u00eanis de cadeira de rodas &#8230; Os jogadores n\u00e3o foram consultados. Pensei ter feito o suficiente para me qualificar &#8211; 2x campe\u00e3o, n\u00famero 1 do mundo. Mas, infelizmente, senti falta da \u00fanica coisa que importava: poder andar. Discrimina\u00e7\u00e3o nojenta \u201d, twittou Alcott.<\/span><\/p>\n<p><span style=\"font-weight: 400;\">Ele continuou: \u201cE por favor, n\u00e3o me diga que sou um &#8216;risco maior&#8217; porque sou deficiente. Estou com defici\u00eancia sim, mas isso n\u00e3o me deixa doente. Eu sou mais apto e saud\u00e1vel do que quase todo mundo lendo isso agora. N\u00e3o h\u00e1 riscos adicionais. \u201d<\/span><\/p>\n<p><span style=\"font-weight: 400;\">O n\u00famero 2 do mundo Quad da Gr\u00e3-Bretanha, Andy Lapthorne, retweetou seu rival e expressou sua decep\u00e7\u00e3o:<\/span><\/p>\n<p><span style=\"font-weight: 400;\">\u201cEste \u00e9 mais um exemplo de lideran\u00e7a terr\u00edvel no esporte do t\u00eanis. N\u00e3o tenho a chance de defender meus t\u00edtulos de solteiro e dobra no @usopen porque estou em uma cadeira de rodas com uma desgra\u00e7a completa, se isso n\u00e3o mudar, n\u00e3o sei o que dizer al\u00e9m da discrimina\u00e7\u00e3o! \u201d disse Lapthorne.<\/span><\/p>\n<p><span style=\"font-weight: 400;\">A tricampe\u00e3 ol\u00edmpica paraol\u00edmpica, Hannah Cockroft, da Gr\u00e3-Bretanha, tamb\u00e9m apoiou seus colegas paraol\u00edmpicos, twittando: \u201cE o t\u00eanis parecia ser um dos esportes que estava acertando &#8230; WOW. Isso \u00e9 nojento @usopen ! #discrimina\u00e7\u00e3o . \u201d<\/span><\/p>\n<p><span style=\"font-weight: 400;\">O franc\u00eas Michael Jeremiasz, medalhista de ouro em t\u00eanis de cadeira de rodas em Pequim em 2008, tamb\u00e9m o descreveu como discrimina\u00e7\u00e3o contra pessoas com defici\u00eancia:<\/span><\/p>\n<p><span style=\"font-weight: 400;\">\u201cQue pena que voc\u00ea @usopen cancelou #wheelchairtennis este ano. Acolher 16 atletas deficientes foi demais para voc\u00ea? Essa \u00e9 a sua vis\u00e3o do mundo em que devemos viver? #discrimina\u00e7\u00e3o <\/span><span style=\"font-weight: 400;\">#UnitedWeStand<\/span><span style=\"font-weight: 400;\"> and roll &#8230; \u201d<\/span><\/p>\n<p><span style=\"font-weight: 400;\">O n\u00famero dois do mundo masculino argentino e o vencedor m\u00faltiplo do Grand Slam, Gustavo Fernandez, disse que est\u00e1 \u201cmuito decepcionado que o US Open os deixe fora do torneio. N\u00e3o houve consulta com os jogadores do torneio ou da ITF. Este \u00e9 outro exemplo da falta de import\u00e2ncia e respeito que existe pelo que fazemos. \u201d<\/span><\/p>\n<p><span style=\"font-weight: 400;\">Em comunicado oficial, a Federa\u00e7\u00e3o Internacional de T\u00eanis (ITF em ingl\u00eas), diz estar decepcionado com a decis\u00e3o feita pelo US Open e vai buscar alternativas de incluir atletas cadeirantes na competi\u00e7\u00e3o:<\/span><\/p>\n<p><i><span style=\"font-weight: 400;\">\u201cA ITF entende e compartilha a decep\u00e7\u00e3o sentida por muitos por n\u00e3o ser poss\u00edvel para o US Open deste ano sediar um evento em cadeira de rodas.<\/span><\/i><\/p>\n<p><i><span style=\"font-weight: 400;\">Apreciamos plenamente os enormes desafios log\u00edsticos enfrentados pelos organizadores em tempos sem precedentes. \u00c9 certo que, em meio a uma pandemia global, a seguran\u00e7a de todos os concorrentes deve ser a primeira e \u00fanica prioridade.<\/span><\/i><\/p>\n<p><i><span style=\"font-weight: 400;\">Continuamos discutindo com os organizadores as poss\u00edveis abordagens que podem permitir que a competi\u00e7\u00e3o de t\u00eanis de cadeira de rodas ocorra dentro ou fora do local.<\/span><\/i><\/p>\n<p><i><span style=\"font-weight: 400;\">A ITF tamb\u00e9m continua a garantir que os planos estejam em vigor para que os jogadores possam voltar com seguran\u00e7a \u00e0 quadra o mais r\u00e1pido poss\u00edvel, atrav\u00e9s do rein\u00edcio da UNIQLO Wheelchair Tennis Tour antes de Roland Garros, em setembro.\u201d\u00a0 <\/span><\/i><\/p>\n","protected":false},"excerpt":{"rendered":"<p>A confirma\u00e7\u00e3o da edi\u00e7\u00e3o 2020 do US Open de t\u00eanis, agradou boa parte dos atletas participantes e do p\u00fablico. No entanto, a aus\u00eancia da modalidade para cadeirantes neste ano, gerou pol\u00eamica e bastante contestada pelos pr\u00f3prios atletas, assim como na Federa\u00e7\u00e3o de T\u00eanis Internacional (ITF em ingl\u00eas) e no Comit\u00ea Paral\u00edmpico Internacional (CPI). Diante da [&hellip;]<\/p>\n","protected":false},"author":96,"featured_media":162553,"comment_status":"closed","ping_status":"closed","sticky":false,"template":"","format":"standard","meta":{"footnotes":""},"categories":[436,257,439],"tags":[],"class_list":["post-162552","post","type-post","status-publish","format-standard","has-post-thumbnail","hentry","category-destaque-da-semana","category-esporte","category-ultima-hora"],"_links":{"self":[{"href":"https:\/\/diarioregionaldigital.com.br\/index.php?rest_route=\/wp\/v2\/posts\/162552","targetHints":{"allow":["GET"]}}],"collection":[{"href":"https:\/\/diarioregionaldigital.com.br\/index.php?rest_route=\/wp\/v2\/posts"}],"about":[{"href":"https:\/\/diarioregionaldigital.com.br\/index.php?rest_route=\/wp\/v2\/types\/post"}],"author":[{"embeddable":true,"href":"https:\/\/diarioregionaldigital.com.br\/index.php?rest_route=\/wp\/v2\/users\/96"}],"replies":[{"embeddable":true,"href":"https:\/\/diarioregionaldigital.com.br\/index.php?rest_route=%2Fwp%2Fv2%2Fcomments&post=162552"}],"version-history":[{"count":0,"href":"https:\/\/diarioregionaldigital.com.br\/index.php?rest_route=\/wp\/v2\/posts\/162552\/revisions"}],"wp:featuredmedia":[{"embeddable":true,"href":"https:\/\/diarioregionaldigital.com.br\/index.php?rest_route=\/wp\/v2\/media\/162553"}],"wp:attachment":[{"href":"https:\/\/diarioregionaldigital.com.br\/index.php?rest_route=%2Fwp%2Fv2%2Fmedia&parent=162552"}],"wp:term":[{"taxonomy":"category","embeddable":true,"href":"https:\/\/diarioregionaldigital.com.br\/index.php?rest_route=%2Fwp%2Fv2%2Fcategories&post=162552"},{"taxonomy":"post_tag","embeddable":true,"href":"https:\/\/diarioregionaldigital.com.br\/index.php?rest_route=%2Fwp%2Fv2%2Ftags&post=162552"}],"curies":[{"name":"wp","href":"https:\/\/api.w.org\/{rel}","templated":true}]}}