{"id":162549,"date":"2020-06-18T16:39:34","date_gmt":"2020-06-18T19:39:34","guid":{"rendered":"https:\/\/diarioregionaldigital.com.br\/?p=162549"},"modified":"2020-06-18T16:39:34","modified_gmt":"2020-06-18T19:39:34","slug":"planejamento-estrategico-do-cob-para-2021-24-tera-comite-de-assessoramento-com-participacao-de-atletas-e-conselho-de-administracao","status":"publish","type":"post","link":"https:\/\/diarioregionaldigital.com.br\/?p=162549","title":{"rendered":"Planejamento Estrat\u00e9gico do COB para 2021-24 ter\u00e1 Comit\u00ea de Assessoramento com participa\u00e7\u00e3o de atletas e Conselho de Administra\u00e7\u00e3o"},"content":{"rendered":"<p><span style=\"font-weight: 400;\">O Planejamento Estrat\u00e9gico do Comit\u00ea Ol\u00edmpico do Brasil (COB) para o quadri\u00eanio 2021-24 come\u00e7ar\u00e1 a ser elaborado e ter\u00e1 a colabora\u00e7\u00e3o de representantes dos atletas, membros do Comit\u00ea Ol\u00edmpico Internacional (COI) e Confedera\u00e7\u00f5es. O presidente do COB, Paulo Wanderley, nomeou na quarta-feira (17), um Comit\u00ea de Assessoramento que ser\u00e1 formado por integrantes com experi\u00eancia em gest\u00e3o esportiva e\/ou passagem pelo Curso Avan\u00e7ado de Gest\u00e3o Esportiva (CAGE), oferecido pelo COB atrav\u00e9s do Instituto Ol\u00edmpico Brasileiro. O Comit\u00ea far\u00e1 parte do grupo liderado pela Diretoria Administrativa Financeira, atrav\u00e9s da Ger\u00eancia Executiva Administrativa, e contar\u00e1 ainda com a participa\u00e7\u00e3o do Escrit\u00f3rio de Projetos do COB.<\/span><\/p>\n<p><span style=\"font-weight: 400;\">\u201cTemos o privil\u00e9gio de contar com pessoas experientes dentro do Conselho de Administra\u00e7\u00e3o do COB, o que ser\u00e1 valioso nesse momento de estudos para o novo Planejamento Estrat\u00e9gico. \u00c9 tamb\u00e9m um meio de termos refletido em nosso mapa todos os principais personagens do Movimento Ol\u00edmpico Brasileiro\u201d, diz o presidente do COB, Paulo Wanderley.<\/span><\/p>\n<p><span style=\"font-weight: 400;\">\u201cO ponto de destaque nesse grupo, que vai contribuir com os estudos para o Planejamento Estrat\u00e9gico, \u00e9 o engajamento de atletas, dirigentes, membros do COI e COB em torno de objetivos comuns e estrat\u00e9gicos para a entidade. Tenho absoluta certeza que esta a\u00e7\u00e3o fortalecer\u00e1 ainda mais a institui\u00e7\u00e3o. \u00c9 um marco de gest\u00e3o importante\u201d, afirma Matheus Figueiredo, presidente da Confedera\u00e7\u00e3o Brasileira de Desportos no Gelo (CBDG) e que foi aluno e professor do CAGE de 2013 a 2019.<\/span><\/p>\n<p><span style=\"font-weight: 400;\">Far\u00e3o parte do Comit\u00ea de Assessoramento os membros do Conselho de Administra\u00e7\u00e3o do COB:<\/span><\/p>\n<ul>\n<li style=\"font-weight: 400;\"><span style=\"font-weight: 400;\">Bernard Rajzman, membro do COI<\/span><\/li>\n<li style=\"font-weight: 400;\"><span style=\"font-weight: 400;\">Marco Aur\u00e9lio de S\u00e1 Ribeiro, presidente da Confedera\u00e7\u00e3o Brasileira de Vela (professor da ESPM e da PUC-Rio)<\/span><\/li>\n<li style=\"font-weight: 400;\"><span style=\"font-weight: 400;\">Marco Ant\u00f4nio La Porta Jr, vice-presidente do COB (aluno do CAGE em 2011 e 2016)<\/span><\/li>\n<li style=\"font-weight: 400;\"><span style=\"font-weight: 400;\">Matheus Figueiredo, presidente da Confedera\u00e7\u00e3o Brasileira de Desportos no Gelo (aluno e professor do CAGE de 2013-2019)<\/span><\/li>\n<li style=\"font-weight: 400;\"><span style=\"font-weight: 400;\">Yane Marques, vice-presidente da Comiss\u00e3o de Atletas do COB (aluna do CAGE em 2019 e do Curso de Transi\u00e7\u00e3o de Carreira em 2017).<\/span><\/li>\n<\/ul>\n<p><span style=\"font-weight: 400;\">O Comit\u00ea de Assessoramento ser\u00e1 convocado para as reuni\u00f5es de estudo pela Ger\u00eancia Executiva Administrativa. Caber\u00e1 ao Comit\u00ea de Assessoramento compartilhar com o Conselho de Administra\u00e7\u00e3o relat\u00f3rios regulares sobre o andamento das atividades.<\/span><\/p>\n<p><strong>Fonte:<\/strong> COB<\/p>\n","protected":false},"excerpt":{"rendered":"<p>O Planejamento Estrat\u00e9gico do Comit\u00ea Ol\u00edmpico do Brasil (COB) para o quadri\u00eanio 2021-24 come\u00e7ar\u00e1 a ser elaborado e ter\u00e1 a colabora\u00e7\u00e3o de representantes dos atletas, membros do Comit\u00ea Ol\u00edmpico Internacional (COI) e Confedera\u00e7\u00f5es. O presidente do COB, Paulo Wanderley, nomeou na quarta-feira (17), um Comit\u00ea de Assessoramento que ser\u00e1 formado por integrantes com experi\u00eancia em [&hellip;]<\/p>\n","protected":false},"author":96,"featured_media":162550,"comment_status":"closed","ping_status":"closed","sticky":false,"template":"","format":"standard","meta":{"footnotes":""},"categories":[436,257,439],"tags":[],"class_list":["post-162549","post","type-post","status-publish","format-standard","has-post-thumbnail","hentry","category-destaque-da-semana","category-esporte","category-ultima-hora"],"_links":{"self":[{"href":"https:\/\/diarioregionaldigital.com.br\/index.php?rest_route=\/wp\/v2\/posts\/162549","targetHints":{"allow":["GET"]}}],"collection":[{"href":"https:\/\/diarioregionaldigital.com.br\/index.php?rest_route=\/wp\/v2\/posts"}],"about":[{"href":"https:\/\/diarioregionaldigital.com.br\/index.php?rest_route=\/wp\/v2\/types\/post"}],"author":[{"embeddable":true,"href":"https:\/\/diarioregionaldigital.com.br\/index.php?rest_route=\/wp\/v2\/users\/96"}],"replies":[{"embeddable":true,"href":"https:\/\/diarioregionaldigital.com.br\/index.php?rest_route=%2Fwp%2Fv2%2Fcomments&post=162549"}],"version-history":[{"count":0,"href":"https:\/\/diarioregionaldigital.com.br\/index.php?rest_route=\/wp\/v2\/posts\/162549\/revisions"}],"wp:featuredmedia":[{"embeddable":true,"href":"https:\/\/diarioregionaldigital.com.br\/index.php?rest_route=\/wp\/v2\/media\/162550"}],"wp:attachment":[{"href":"https:\/\/diarioregionaldigital.com.br\/index.php?rest_route=%2Fwp%2Fv2%2Fmedia&parent=162549"}],"wp:term":[{"taxonomy":"category","embeddable":true,"href":"https:\/\/diarioregionaldigital.com.br\/index.php?rest_route=%2Fwp%2Fv2%2Fcategories&post=162549"},{"taxonomy":"post_tag","embeddable":true,"href":"https:\/\/diarioregionaldigital.com.br\/index.php?rest_route=%2Fwp%2Fv2%2Ftags&post=162549"}],"curies":[{"name":"wp","href":"https:\/\/api.w.org\/{rel}","templated":true}]}}