{"id":162543,"date":"2020-06-18T14:53:22","date_gmt":"2020-06-18T17:53:22","guid":{"rendered":"https:\/\/diarioregionaldigital.com.br\/?p=162543"},"modified":"2020-06-18T14:53:22","modified_gmt":"2020-06-18T17:53:22","slug":"ufjf-disponibiliza-865-vagas-para-o-segundo-processo-seletivo-do-sisu","status":"publish","type":"post","link":"https:\/\/diarioregionaldigital.com.br\/?p=162543","title":{"rendered":"UFJF disponibiliza 865 vagas para o segundo processo seletivo do Sisu"},"content":{"rendered":"<p><span style=\"font-weight: 400;\">A Universidade Federal de Juiz de Fora (UFJF), disponibilizar\u00e1 um total de 865 vagas para o segundo processo seletivo do Sistema de Sele\u00e7\u00e3o Unificada (Sisu). Segundo a institui\u00e7\u00e3o, ser\u00e3o ofertadas 677 vagas em 32 cursos na sede em Juiz de Fora, 188 vagas no campus de Governador Valadares para 9 cursos. Toda a distribui\u00e7\u00e3o das vagas pode ser conferida no termo de ades\u00e3o, no site da Coordena\u00e7\u00e3o Geral de Processos Seletivos (Copese).<\/span><\/p>\n<p><span style=\"font-weight: 400;\">Dentre as vagas da UFJF, o candidato encontra nove grupos de acesso, sendo um de ampla concorr\u00eancia (A0) e outros oito (L1, L2, L5, L6, L9, L10, L13, L14) destinados para as a\u00e7\u00f5es afirmativas.<\/span><span style=\"font-weight: 400;\">\u00a0<\/span><\/p>\n<p><span style=\"font-weight: 400;\">O edital para o segundo semestre do Sisu foi publicado no Di\u00e1rio Oficial da Uni\u00e3o, na quarta-feira (17). Os candidatos podem efetuar inscri\u00e7\u00e3o entre os dias 7 e 10 de julho. O resultado oficial ser\u00e1 divulgado no dia 14 do mesmo m\u00eas. <\/span><span style=\"font-weight: 400;\">Os \u00fanicos requisitos para a realiza\u00e7\u00e3o da sele\u00e7\u00e3o \u00e9 ter feito as provas do Ensino Nacional do Ensino M\u00e9dio (Enem) em 2019, ter conclu\u00eddo o ensino m\u00e9dio e n\u00e3o ter zerado a prova de reda\u00e7\u00e3o. Na UFJF, todos os conte\u00fados do Enem t\u00eam o mesmo peso para a nota final.<\/span><\/p>\n<p><b>Como se inscrever no Sisu<\/b><\/p>\n<p><span style=\"font-weight: 400;\">Para efetuar a inscri\u00e7\u00e3o, o candidato deve acessar o portal do sistema <\/span><span style=\"font-weight: 400;\">e informar o n\u00famero de inscri\u00e7\u00e3o e a senha utilizada no Enem 2019. Logo ap\u00f3s, precisa confirmar os dados e, em seguida, escolher dois cursos e a modalidade de ingresso. \u00c9 poss\u00edvel alterar a escolha dos cursos durante o per\u00edodo de inscri\u00e7\u00e3o, de acordo com as prefer\u00eancias e as chances de conseguir a vaga, a partir das parciais de notas de corte.<\/span><span style=\"font-weight: 400;\">\u00a0<\/span><\/p>\n<p><b>Processo de matr\u00edcula<\/b><\/p>\n<p><span style=\"font-weight: 400;\">O per\u00edodo para os candidatos efetuarem a matr\u00edcula, ocorrer\u00e1 entre os dias 16 e 21 de julho. Para isso, \u00e9 necess\u00e1rio que os candidatos estejam com posse das documenta\u00e7\u00f5es exigidas. As informa\u00e7\u00f5es referentes \u00e0 entrega de documentos ser\u00e3o disponibilizadas em breve pela p\u00e1gina da<\/span><span style=\"font-weight: 400;\"> Coordenadoria Geral de Assuntos Acad\u00eamicos (Cdara). Quem quiser se inscrever para as listas de espera ter\u00e1 entre 14 e 21 de julho para se manifestar.<\/span><\/p>\n","protected":false},"excerpt":{"rendered":"<p>A Universidade Federal de Juiz de Fora (UFJF), disponibilizar\u00e1 um total de 865 vagas para o segundo processo seletivo do Sistema de Sele\u00e7\u00e3o Unificada (Sisu). Segundo a institui\u00e7\u00e3o, ser\u00e3o ofertadas 677 vagas em 32 cursos na sede em Juiz de Fora, 188 vagas no campus de Governador Valadares para 9 cursos. Toda a distribui\u00e7\u00e3o das [&hellip;]<\/p>\n","protected":false},"author":96,"featured_media":162544,"comment_status":"closed","ping_status":"closed","sticky":false,"template":"","format":"standard","meta":{"footnotes":""},"categories":[253,436,439],"tags":[],"class_list":["post-162543","post","type-post","status-publish","format-standard","has-post-thumbnail","hentry","category-cidade","category-destaque-da-semana","category-ultima-hora"],"_links":{"self":[{"href":"https:\/\/diarioregionaldigital.com.br\/index.php?rest_route=\/wp\/v2\/posts\/162543","targetHints":{"allow":["GET"]}}],"collection":[{"href":"https:\/\/diarioregionaldigital.com.br\/index.php?rest_route=\/wp\/v2\/posts"}],"about":[{"href":"https:\/\/diarioregionaldigital.com.br\/index.php?rest_route=\/wp\/v2\/types\/post"}],"author":[{"embeddable":true,"href":"https:\/\/diarioregionaldigital.com.br\/index.php?rest_route=\/wp\/v2\/users\/96"}],"replies":[{"embeddable":true,"href":"https:\/\/diarioregionaldigital.com.br\/index.php?rest_route=%2Fwp%2Fv2%2Fcomments&post=162543"}],"version-history":[{"count":0,"href":"https:\/\/diarioregionaldigital.com.br\/index.php?rest_route=\/wp\/v2\/posts\/162543\/revisions"}],"wp:featuredmedia":[{"embeddable":true,"href":"https:\/\/diarioregionaldigital.com.br\/index.php?rest_route=\/wp\/v2\/media\/162544"}],"wp:attachment":[{"href":"https:\/\/diarioregionaldigital.com.br\/index.php?rest_route=%2Fwp%2Fv2%2Fmedia&parent=162543"}],"wp:term":[{"taxonomy":"category","embeddable":true,"href":"https:\/\/diarioregionaldigital.com.br\/index.php?rest_route=%2Fwp%2Fv2%2Fcategories&post=162543"},{"taxonomy":"post_tag","embeddable":true,"href":"https:\/\/diarioregionaldigital.com.br\/index.php?rest_route=%2Fwp%2Fv2%2Ftags&post=162543"}],"curies":[{"name":"wp","href":"https:\/\/api.w.org\/{rel}","templated":true}]}}