{"id":162540,"date":"2020-06-18T14:19:05","date_gmt":"2020-06-18T17:19:05","guid":{"rendered":"https:\/\/diarioregionaldigital.com.br\/?p=162540"},"modified":"2020-06-18T14:19:05","modified_gmt":"2020-06-18T17:19:05","slug":"demlurb-descontamina-unidade-do-corpo-de-bombeiros-apos-seis-militares-serem-diagnosticados-com-coronavirus","status":"publish","type":"post","link":"https:\/\/diarioregionaldigital.com.br\/?p=162540","title":{"rendered":"Demlurb descontamina unidade do Corpo de Bombeiros ap\u00f3s seis militares serem diagnosticados com Coronav\u00edrus"},"content":{"rendered":"<p><span style=\"font-weight: 400;\">A assessoria de imprensa do Corpo de Bombeiros Militar de Minas Gerais, informou atrav\u00e9s de um comunicado divulgado nesta quinta-feira (18), que seis militares do 4\u00ba BBM de Juiz de Fora, testaram positivo para Coronav\u00edrus. Segundo a nota oficial, cinco militares permanecem assintom\u00e1ticos e um est\u00e1 internado, seu estado de sa\u00fade \u00e9 considerado est\u00e1vel. Os nomes dos bombeiros n\u00e3o ser\u00e3o divulgados, para preservar a privacidade deles.\u00a0<\/span><\/p>\n<p><span style=\"font-weight: 400;\">A nota diz que todos os protocolos estabelecidos para o enfrentamento ao Covid-19 est\u00e3o sendo seguidos, incluindo o monitoramento de toda a tropa. Al\u00e9m disso, na quarta-feira (17), o Departamento Municipal de Limpeza Urbana (Demlurb), esteve presente no Pelot\u00e3o de Emerg\u00eancias Ambientais e Resposta a Desastres (PEMAD), para realizar o trabalho de descontamina\u00e7\u00e3o e higieniza\u00e7\u00e3o da unidade. Segundo a assessoria, o trabalho de desinfec\u00e7\u00e3o ser\u00e1 feito em todas as unidades do 4\u00ba BBM.<\/span><\/p>\n<p><span style=\"font-weight: 400;\">No comunicado oficial, a assessoria diz que o Corpo de Bombeiros tem seguido todas as medidas, \u201cpara garantir a seguran\u00e7a dos militares dentro dos quart\u00e9is e durante o atendimento de ocorr\u00eancias, evitando a propaga\u00e7\u00e3o da doen\u00e7a\u201d.<\/span><\/p>\n<p><span style=\"font-weight: 400;\">A assessoria informa <\/span> <span style=\"font-weight: 400;\">A nota conclui dizendo que \u201co servi\u00e7o de atendimento \u00e0 popula\u00e7\u00e3o n\u00e3o foi prejudicado, nossas equipes continuam trabalhando diuturnamente para prestar um servi\u00e7o de excel\u00eancia \u00e0 sociedade juizforana\u201d.\u00a0<\/span><\/p>\n<p><span style=\"font-weight: 400;\">\u00a0<\/span><\/p>\n","protected":false},"excerpt":{"rendered":"<p>A assessoria de imprensa do Corpo de Bombeiros Militar de Minas Gerais, informou atrav\u00e9s de um comunicado divulgado nesta quinta-feira (18), que seis militares do 4\u00ba BBM de Juiz de Fora, testaram positivo para Coronav\u00edrus. Segundo a nota oficial, cinco militares permanecem assintom\u00e1ticos e um est\u00e1 internado, seu estado de sa\u00fade \u00e9 considerado est\u00e1vel. Os [&hellip;]<\/p>\n","protected":false},"author":96,"featured_media":162541,"comment_status":"closed","ping_status":"closed","sticky":false,"template":"","format":"standard","meta":{"footnotes":""},"categories":[253,436,440,439],"tags":[],"class_list":["post-162540","post","type-post","status-publish","format-standard","has-post-thumbnail","hentry","category-cidade","category-destaque-da-semana","category-destaques-do-dia","category-ultima-hora"],"_links":{"self":[{"href":"https:\/\/diarioregionaldigital.com.br\/index.php?rest_route=\/wp\/v2\/posts\/162540","targetHints":{"allow":["GET"]}}],"collection":[{"href":"https:\/\/diarioregionaldigital.com.br\/index.php?rest_route=\/wp\/v2\/posts"}],"about":[{"href":"https:\/\/diarioregionaldigital.com.br\/index.php?rest_route=\/wp\/v2\/types\/post"}],"author":[{"embeddable":true,"href":"https:\/\/diarioregionaldigital.com.br\/index.php?rest_route=\/wp\/v2\/users\/96"}],"replies":[{"embeddable":true,"href":"https:\/\/diarioregionaldigital.com.br\/index.php?rest_route=%2Fwp%2Fv2%2Fcomments&post=162540"}],"version-history":[{"count":0,"href":"https:\/\/diarioregionaldigital.com.br\/index.php?rest_route=\/wp\/v2\/posts\/162540\/revisions"}],"wp:featuredmedia":[{"embeddable":true,"href":"https:\/\/diarioregionaldigital.com.br\/index.php?rest_route=\/wp\/v2\/media\/162541"}],"wp:attachment":[{"href":"https:\/\/diarioregionaldigital.com.br\/index.php?rest_route=%2Fwp%2Fv2%2Fmedia&parent=162540"}],"wp:term":[{"taxonomy":"category","embeddable":true,"href":"https:\/\/diarioregionaldigital.com.br\/index.php?rest_route=%2Fwp%2Fv2%2Fcategories&post=162540"},{"taxonomy":"post_tag","embeddable":true,"href":"https:\/\/diarioregionaldigital.com.br\/index.php?rest_route=%2Fwp%2Fv2%2Ftags&post=162540"}],"curies":[{"name":"wp","href":"https:\/\/api.w.org\/{rel}","templated":true}]}}