{"id":162538,"date":"2020-06-18T13:36:42","date_gmt":"2020-06-18T16:36:42","guid":{"rendered":"https:\/\/diarioregionaldigital.com.br\/?p=162538"},"modified":"2020-06-18T13:36:42","modified_gmt":"2020-06-18T16:36:42","slug":"autor-se-livra-de-arma-de-fogo-ao-avistar-presenca-da-pm","status":"publish","type":"post","link":"https:\/\/diarioregionaldigital.com.br\/?p=162538","title":{"rendered":"Autor se livra de arma de fogo ao avistar presen\u00e7a da PM"},"content":{"rendered":"<p>Durante uma opera\u00e7\u00e3o de combate ao tr\u00e1fico de drogas no Bairro Vila Olavo Costa (Regi\u00e3o Leste) em Juiz de Fora, a Pol\u00edcia Militar (PM) avistou um indiv\u00edduo em atitude suspeita e ao notar a presen\u00e7a policial, tentou fugir do local mas foi rendido pelos policiais. Durante a fuga, o autor arremessou uma arma de foco calibre 380 carregada com 13 muni\u00e7\u00f5es intactas.<\/p>\n<p>Dando prosseguimento \u00e0s dilig\u00eancias, os militares compareceram \u00e0 resid\u00eancia do autor e foram encontrados seis pedras de crack e R$ 54,00 em dinheiro. Autor preso em flagrante e conduzido para a Delegacia junto com os materiais apreendidos.<\/p>\n","protected":false},"excerpt":{"rendered":"<p>Durante uma opera\u00e7\u00e3o de combate ao tr\u00e1fico de drogas no Bairro Vila Olavo Costa (Regi\u00e3o Leste) em Juiz de Fora, a Pol\u00edcia Militar (PM) avistou um indiv\u00edduo em atitude suspeita e ao notar a presen\u00e7a policial, tentou fugir do local mas foi rendido pelos policiais. Durante a fuga, o autor arremessou uma arma de foco [&hellip;]<\/p>\n","protected":false},"author":96,"featured_media":161269,"comment_status":"closed","ping_status":"closed","sticky":false,"template":"","format":"standard","meta":{"footnotes":""},"categories":[301,436,439],"tags":[],"class_list":["post-162538","post","type-post","status-publish","format-standard","has-post-thumbnail","hentry","category-artigos-policiais","category-destaque-da-semana","category-ultima-hora"],"_links":{"self":[{"href":"https:\/\/diarioregionaldigital.com.br\/index.php?rest_route=\/wp\/v2\/posts\/162538","targetHints":{"allow":["GET"]}}],"collection":[{"href":"https:\/\/diarioregionaldigital.com.br\/index.php?rest_route=\/wp\/v2\/posts"}],"about":[{"href":"https:\/\/diarioregionaldigital.com.br\/index.php?rest_route=\/wp\/v2\/types\/post"}],"author":[{"embeddable":true,"href":"https:\/\/diarioregionaldigital.com.br\/index.php?rest_route=\/wp\/v2\/users\/96"}],"replies":[{"embeddable":true,"href":"https:\/\/diarioregionaldigital.com.br\/index.php?rest_route=%2Fwp%2Fv2%2Fcomments&post=162538"}],"version-history":[{"count":0,"href":"https:\/\/diarioregionaldigital.com.br\/index.php?rest_route=\/wp\/v2\/posts\/162538\/revisions"}],"wp:featuredmedia":[{"embeddable":true,"href":"https:\/\/diarioregionaldigital.com.br\/index.php?rest_route=\/wp\/v2\/media\/161269"}],"wp:attachment":[{"href":"https:\/\/diarioregionaldigital.com.br\/index.php?rest_route=%2Fwp%2Fv2%2Fmedia&parent=162538"}],"wp:term":[{"taxonomy":"category","embeddable":true,"href":"https:\/\/diarioregionaldigital.com.br\/index.php?rest_route=%2Fwp%2Fv2%2Fcategories&post=162538"},{"taxonomy":"post_tag","embeddable":true,"href":"https:\/\/diarioregionaldigital.com.br\/index.php?rest_route=%2Fwp%2Fv2%2Ftags&post=162538"}],"curies":[{"name":"wp","href":"https:\/\/api.w.org\/{rel}","templated":true}]}}