{"id":162535,"date":"2020-06-18T11:36:04","date_gmt":"2020-06-18T14:36:04","guid":{"rendered":"https:\/\/diarioregionaldigital.com.br\/?p=162535"},"modified":"2020-06-18T11:36:04","modified_gmt":"2020-06-18T14:36:04","slug":"comissao-especial-do-minha-casa-minha-vida-recebe-cesama-para-esclarecimentos-sobre-projeto-piloto-de-individualizacao-de-agua","status":"publish","type":"post","link":"https:\/\/diarioregionaldigital.com.br\/?p=162535","title":{"rendered":"Comiss\u00e3o Especial do Minha Casa Minha Vida recebe Cesama para esclarecimentos sobre projeto piloto de individualiza\u00e7\u00e3o de \u00e1gua"},"content":{"rendered":"<p>Vereadores membros da Comiss\u00e3o Especial do Minha Casa Minha Vida estiveram em uma reuni\u00e3o na tarde de ter\u00e7a-feira, 16, recebendo esclarecimentos da Cesama sobre a implanta\u00e7\u00e3o de um projeto piloto para medi\u00e7\u00e3o individual do consumo nas unidades. O projeto teria in\u00edcio em abril no Residencial 24 de Junho, e est\u00e1 temporariamente suspenso por conta das medidas de isolamento. A empresa que vai fornecer os hidr\u00f4metros \u00e9 do estado de S\u00e3o Paulo e, em comunicado oficial, informou \u00e0 Cesama que t\u00e3o logo receba autoriza\u00e7\u00e3o vai retomar as atividades.<\/p>\n<p>Estiveram presentes os vereadores membros da Comiss\u00e3o, vereador Sargento Mello Casal (PTB) e Z\u00e9 M\u00e1rcio &#8211; Garotinho (PV), al\u00e9m da vereadora Ana Rossignoli (PATRIOTA). Tamb\u00e9m compareceram o diretor de desenvolvimento e expans\u00e3o da Cesama, Marcelo Amaral; a moradora do Residencial 24 de Junho, Sandra Brasil; o presidente conselho municipal de habita\u00e7\u00e3o, Luiz Fernando Sirimarco; e diretor do Emcasa, Luiz Cl\u00e1udio Gamonal. Marcelo Amaral explicou que &#8220;n\u00e3o foi poss\u00edvel progredir nesse per\u00edodo, mas internamente j\u00e1 avan\u00e7amos com o projeto e o pr\u00f3ximo passo \u00e9 aguardar a libera\u00e7\u00e3o do funcionamento para retomar&#8221;, garantiu o diretor.<\/p>\n<p>No projeto piloto do Residencial 24 de Junho ser\u00e1 instalado um hidr\u00f4metro na entrada de \u00e1gua do condom\u00ednio e outros hidr\u00f4metros nas sa\u00eddas de \u00e1gua para cada um dos 100 apartamentos, medindo o consumo separadamente. A medida busca mitigar os riscos de liga\u00e7\u00f5es clandestinas, al\u00e9m de realizar a divis\u00e3o de modo que a cobran\u00e7a seja feita de acordo com o consumo de cada fam\u00edlia. Sandra Brasil conta que desde 2017 eles v\u00eam reivindicando a medi\u00e7\u00e3o individual, pois apenas 40% dos moradores contribuem, dividindo a conta de \u00e1gua do Residencial inteiro entre eles. Mello Casal lembrou que &#8220;v\u00e1rias pessoas que t\u00eam sua resid\u00eancia, andam de maneira correta, pagam todas as suas taxas internas dentro do condom\u00ednio, v\u00eam sendo prejudicadas por pessoas invasoras. Com a individualiza\u00e7\u00e3o isso pode mudar, n\u00e3o quer dizer que possa ser a solu\u00e7\u00e3o, mas pode sim trazer algum tipo de al\u00edvio para aquelas pessoas que gerenciam a parte interna dos condom\u00ednios&#8221;, finalizou.<\/p>\n<p><strong>Fonte:\u00a0<\/strong>Assessoria<\/p>\n","protected":false},"excerpt":{"rendered":"<p>Vereadores membros da Comiss\u00e3o Especial do Minha Casa Minha Vida estiveram em uma reuni\u00e3o na tarde de ter\u00e7a-feira, 16, recebendo esclarecimentos da Cesama sobre a implanta\u00e7\u00e3o de um projeto piloto para medi\u00e7\u00e3o individual do consumo nas unidades. O projeto teria in\u00edcio em abril no Residencial 24 de Junho, e est\u00e1 temporariamente suspenso por conta das [&hellip;]<\/p>\n","protected":false},"author":96,"featured_media":162536,"comment_status":"closed","ping_status":"closed","sticky":false,"template":"","format":"standard","meta":{"footnotes":""},"categories":[436,254,439],"tags":[],"class_list":["post-162535","post","type-post","status-publish","format-standard","has-post-thumbnail","hentry","category-destaque-da-semana","category-politica","category-ultima-hora"],"_links":{"self":[{"href":"https:\/\/diarioregionaldigital.com.br\/index.php?rest_route=\/wp\/v2\/posts\/162535","targetHints":{"allow":["GET"]}}],"collection":[{"href":"https:\/\/diarioregionaldigital.com.br\/index.php?rest_route=\/wp\/v2\/posts"}],"about":[{"href":"https:\/\/diarioregionaldigital.com.br\/index.php?rest_route=\/wp\/v2\/types\/post"}],"author":[{"embeddable":true,"href":"https:\/\/diarioregionaldigital.com.br\/index.php?rest_route=\/wp\/v2\/users\/96"}],"replies":[{"embeddable":true,"href":"https:\/\/diarioregionaldigital.com.br\/index.php?rest_route=%2Fwp%2Fv2%2Fcomments&post=162535"}],"version-history":[{"count":0,"href":"https:\/\/diarioregionaldigital.com.br\/index.php?rest_route=\/wp\/v2\/posts\/162535\/revisions"}],"wp:featuredmedia":[{"embeddable":true,"href":"https:\/\/diarioregionaldigital.com.br\/index.php?rest_route=\/wp\/v2\/media\/162536"}],"wp:attachment":[{"href":"https:\/\/diarioregionaldigital.com.br\/index.php?rest_route=%2Fwp%2Fv2%2Fmedia&parent=162535"}],"wp:term":[{"taxonomy":"category","embeddable":true,"href":"https:\/\/diarioregionaldigital.com.br\/index.php?rest_route=%2Fwp%2Fv2%2Fcategories&post=162535"},{"taxonomy":"post_tag","embeddable":true,"href":"https:\/\/diarioregionaldigital.com.br\/index.php?rest_route=%2Fwp%2Fv2%2Ftags&post=162535"}],"curies":[{"name":"wp","href":"https:\/\/api.w.org\/{rel}","templated":true}]}}