{"id":162523,"date":"2020-06-18T10:54:27","date_gmt":"2020-06-18T13:54:27","guid":{"rendered":"https:\/\/diarioregionaldigital.com.br\/?p=162523"},"modified":"2020-06-18T10:54:27","modified_gmt":"2020-06-18T13:54:27","slug":"atividade-economica-tem-queda-recorde-de-973-em-abril","status":"publish","type":"post","link":"https:\/\/diarioregionaldigital.com.br\/?p=162523","title":{"rendered":"Atividade econ\u00f4mica tem queda recorde de 9,73% em abril"},"content":{"rendered":"<p><span style=\"font-weight: 400;\">Em meio aos efeitos da pandemia de covid-19, a atividade econ\u00f4mica registrou forte queda em abril. O \u00cdndice de Atividade Econ\u00f4mica do Banco Central (IBC-Br), dessazonalizado (ajustado para o per\u00edodo), apresentou retra\u00e7\u00e3o de 9,73% em abril em rela\u00e7\u00e3o a mar\u00e7o deste ano, segundo dados divulgados nessa quinta-feira (18), em Bras\u00edlia, pelo Banco Central (BC). Esse foi a maior retra\u00e7\u00e3o mensal da s\u00e9rie hist\u00f3rica, iniciada em janeiro de 2003.<\/span><\/p>\n<p><span style=\"font-weight: 400;\">Foi o segundo m\u00eas seguido de queda, de acordo com dados revisados pelo BC. Em janeiro, houve crescimento de 0,06%, em fevereiro de expans\u00e3o de 0,31% e, em mar\u00e7o, recuo de 6,16% em compara\u00e7\u00e3o com o m\u00eas anterior.<\/span><\/p>\n<p><span style=\"font-weight: 400;\">No quarto m\u00eas do ano, na compara\u00e7\u00e3o com abril de 2019, a retra\u00e7\u00e3o chegou a 15,09% (sem ajuste para o per\u00edodo, j\u00e1 que a compara\u00e7\u00e3o \u00e9 entre meses iguais).<\/span> <span style=\"font-weight: 400;\">Em 12 meses encerrados em abril, o indicador apresentou queda de 0,52%. No ano, o IBC-Br acusou retra\u00e7\u00e3o de 4,15 %.<\/span><\/p>\n<p><span style=\"font-weight: 400;\">O IBC-Br \u00e9 uma forma de avaliar a evolu\u00e7\u00e3o da atividade econ\u00f4mica brasileira mensalmente e ajuda o BC a tomar suas decis\u00f5es sobre a taxa b\u00e1sica de juros, a Selic. O \u00edndice incorpora informa\u00e7\u00f5es sobre o n\u00edvel de atividade dos tr\u00eas setores da economia: ind\u00fastria, com\u00e9rcio e servi\u00e7os e agropecu\u00e1ria, al\u00e9m do volume de impostos.<\/span><\/p>\n<p><span style=\"font-weight: 400;\">Mas o indicador oficial para mensurar o desempenho da economia \u00e9 o Produto Interno Bruto (PIB), calculado pelo Instituto Brasileiro de Geografia e Estat\u00edstica (IBGE), divulgado trimestralmente.\u00a0<\/span><\/p>\n<p><strong>Fonte:<\/strong> Ag\u00eancia Brasil<\/p>\n","protected":false},"excerpt":{"rendered":"<p>Em meio aos efeitos da pandemia de covid-19, a atividade econ\u00f4mica registrou forte queda em abril. O \u00cdndice de Atividade Econ\u00f4mica do Banco Central (IBC-Br), dessazonalizado (ajustado para o per\u00edodo), apresentou retra\u00e7\u00e3o de 9,73% em abril em rela\u00e7\u00e3o a mar\u00e7o deste ano, segundo dados divulgados nessa quinta-feira (18), em Bras\u00edlia, pelo Banco Central (BC). Esse [&hellip;]<\/p>\n","protected":false},"author":96,"featured_media":162524,"comment_status":"closed","ping_status":"closed","sticky":false,"template":"","format":"standard","meta":{"footnotes":""},"categories":[436,261,439],"tags":[],"class_list":["post-162523","post","type-post","status-publish","format-standard","has-post-thumbnail","hentry","category-destaque-da-semana","category-economia","category-ultima-hora"],"_links":{"self":[{"href":"https:\/\/diarioregionaldigital.com.br\/index.php?rest_route=\/wp\/v2\/posts\/162523","targetHints":{"allow":["GET"]}}],"collection":[{"href":"https:\/\/diarioregionaldigital.com.br\/index.php?rest_route=\/wp\/v2\/posts"}],"about":[{"href":"https:\/\/diarioregionaldigital.com.br\/index.php?rest_route=\/wp\/v2\/types\/post"}],"author":[{"embeddable":true,"href":"https:\/\/diarioregionaldigital.com.br\/index.php?rest_route=\/wp\/v2\/users\/96"}],"replies":[{"embeddable":true,"href":"https:\/\/diarioregionaldigital.com.br\/index.php?rest_route=%2Fwp%2Fv2%2Fcomments&post=162523"}],"version-history":[{"count":0,"href":"https:\/\/diarioregionaldigital.com.br\/index.php?rest_route=\/wp\/v2\/posts\/162523\/revisions"}],"wp:featuredmedia":[{"embeddable":true,"href":"https:\/\/diarioregionaldigital.com.br\/index.php?rest_route=\/wp\/v2\/media\/162524"}],"wp:attachment":[{"href":"https:\/\/diarioregionaldigital.com.br\/index.php?rest_route=%2Fwp%2Fv2%2Fmedia&parent=162523"}],"wp:term":[{"taxonomy":"category","embeddable":true,"href":"https:\/\/diarioregionaldigital.com.br\/index.php?rest_route=%2Fwp%2Fv2%2Fcategories&post=162523"},{"taxonomy":"post_tag","embeddable":true,"href":"https:\/\/diarioregionaldigital.com.br\/index.php?rest_route=%2Fwp%2Fv2%2Ftags&post=162523"}],"curies":[{"name":"wp","href":"https:\/\/api.w.org\/{rel}","templated":true}]}}