{"id":162520,"date":"2020-06-18T10:49:45","date_gmt":"2020-06-18T13:49:45","guid":{"rendered":"https:\/\/diarioregionaldigital.com.br\/?p=162520"},"modified":"2020-06-18T10:49:45","modified_gmt":"2020-06-18T13:49:45","slug":"medida-provisoria-que-revoga-contrato-verde-e-amarelo-e-prorrogada","status":"publish","type":"post","link":"https:\/\/diarioregionaldigital.com.br\/?p=162520","title":{"rendered":"Medida provis\u00f3ria que revoga Contrato Verde e Amarelo \u00e9 prorrogada"},"content":{"rendered":"<p><span style=\"font-weight: 400;\">O presidente da Mesa do Congresso Nacional, senador Davi Alcolumbre, prorrogou por 60 dias a revoga\u00e7\u00e3o da Medida Provis\u00f3ria 905\/2019, que institui o Contrato de Trabalho Verde e Amarelo e altera a legisla\u00e7\u00e3o trabalhista. O ato foi publicado no <\/span><i><span style=\"font-weight: 400;\">Di\u00e1rio Oficial da Uni\u00e3o<\/span><\/i><span style=\"font-weight: 400;\"> nessa quinta-feira (18).<\/span><\/p>\n<p><span style=\"font-weight: 400;\">A revoga\u00e7\u00e3o \u00e9 prevista na MP 955, editada no dia 20 de abril de 2020 e agora prorrogada, ap\u00f3s entendimento entre a Presid\u00eancia da Rep\u00fablica e o Senado. Na ocasi\u00e3o, Davi declarou que o presidente Jair Bolsonaro atendeu ao pedido do Congresso para que houvesse mais tempo para an\u00e1lise da MP 905.<\/span><\/p>\n<p><span style=\"font-weight: 400;\">\u201cO presidente da Rep\u00fablica decidiu revogar a MP 905, reeditando suas partes mais relevantes na sequ\u00eancia. Essa \u00e9 uma decis\u00e3o importante para que o Congresso possa aperfei\u00e7oar o importante programa e garantir o emprego dos brasileiros\u201d, afirmou.<\/span><\/p>\n<p><span style=\"font-weight: 400;\">Considerada complexa, a MP do Contrato Verde e Amarelo recebeu quase duas mil emendas. A medida estabelecia contrato com dura\u00e7\u00e3o de dois anos, al\u00e9m da redu\u00e7\u00e3o de encargos trabalhistas e previdenci\u00e1rios patronais, visando a estimular a abertura de vagas para o primeiro emprego de jovens de 18 a 29 anos. Se for mantido, o novo programa valer\u00e1 para trabalhadores que recebem at\u00e9 um sal\u00e1rio m\u00ednimo e meio, ou seja, R$ 1.567,50.<\/span><\/p>\n<p><span style=\"font-weight: 400;\">Para a oposi\u00e7\u00e3o, essa seria uma segunda reforma trabalhista que desmontaria os direitos dos trabalhadores em plena pandemia de coronav\u00edrus.<\/span><\/p>\n<p><strong>Fonte:<\/strong> Ag\u00eancia Senado<\/p>\n","protected":false},"excerpt":{"rendered":"<p>O presidente da Mesa do Congresso Nacional, senador Davi Alcolumbre, prorrogou por 60 dias a revoga\u00e7\u00e3o da Medida Provis\u00f3ria 905\/2019, que institui o Contrato de Trabalho Verde e Amarelo e altera a legisla\u00e7\u00e3o trabalhista. O ato foi publicado no Di\u00e1rio Oficial da Uni\u00e3o nessa quinta-feira (18). A revoga\u00e7\u00e3o \u00e9 prevista na MP 955, editada no [&hellip;]<\/p>\n","protected":false},"author":96,"featured_media":162521,"comment_status":"closed","ping_status":"closed","sticky":false,"template":"","format":"standard","meta":{"footnotes":""},"categories":[436,254,439],"tags":[],"class_list":["post-162520","post","type-post","status-publish","format-standard","has-post-thumbnail","hentry","category-destaque-da-semana","category-politica","category-ultima-hora"],"_links":{"self":[{"href":"https:\/\/diarioregionaldigital.com.br\/index.php?rest_route=\/wp\/v2\/posts\/162520","targetHints":{"allow":["GET"]}}],"collection":[{"href":"https:\/\/diarioregionaldigital.com.br\/index.php?rest_route=\/wp\/v2\/posts"}],"about":[{"href":"https:\/\/diarioregionaldigital.com.br\/index.php?rest_route=\/wp\/v2\/types\/post"}],"author":[{"embeddable":true,"href":"https:\/\/diarioregionaldigital.com.br\/index.php?rest_route=\/wp\/v2\/users\/96"}],"replies":[{"embeddable":true,"href":"https:\/\/diarioregionaldigital.com.br\/index.php?rest_route=%2Fwp%2Fv2%2Fcomments&post=162520"}],"version-history":[{"count":0,"href":"https:\/\/diarioregionaldigital.com.br\/index.php?rest_route=\/wp\/v2\/posts\/162520\/revisions"}],"wp:featuredmedia":[{"embeddable":true,"href":"https:\/\/diarioregionaldigital.com.br\/index.php?rest_route=\/wp\/v2\/media\/162521"}],"wp:attachment":[{"href":"https:\/\/diarioregionaldigital.com.br\/index.php?rest_route=%2Fwp%2Fv2%2Fmedia&parent=162520"}],"wp:term":[{"taxonomy":"category","embeddable":true,"href":"https:\/\/diarioregionaldigital.com.br\/index.php?rest_route=%2Fwp%2Fv2%2Fcategories&post=162520"},{"taxonomy":"post_tag","embeddable":true,"href":"https:\/\/diarioregionaldigital.com.br\/index.php?rest_route=%2Fwp%2Fv2%2Ftags&post=162520"}],"curies":[{"name":"wp","href":"https:\/\/api.w.org\/{rel}","templated":true}]}}