{"id":162517,"date":"2020-06-18T10:44:15","date_gmt":"2020-06-18T13:44:15","guid":{"rendered":"https:\/\/diarioregionaldigital.com.br\/?p=162517"},"modified":"2020-06-18T10:44:15","modified_gmt":"2020-06-18T13:44:15","slug":"minas-se-mantem-no-topo-do-ranking-de-transparencia-da-covid-19","status":"publish","type":"post","link":"https:\/\/diarioregionaldigital.com.br\/?p=162517","title":{"rendered":"Minas se mant\u00e9m no topo do ranking de transpar\u00eancia da covid-19"},"content":{"rendered":"<p><span style=\"font-weight: 400;\">Novo levantamento da Open Knowledge Brasil (OKBR) mostra que Minas Gerais segue na lideran\u00e7a no ranking de transpar\u00eancia dos estados brasileiros com rela\u00e7\u00e3o \u00e0 divulga\u00e7\u00e3o de dados e informa\u00e7\u00f5es em seus portais oficiais sobre a pandemia de covid-19. A organiza\u00e7\u00e3o sem fins lucrativos e apartid\u00e1ria realiza o monitoramento semanal dos governos todas as quintas-feiras. O \u00faltimo boletim, que mostra a continuidade do bom desempenho do Governo de Minas, foi divulgado em 11 de junho.\u00a0<\/span><\/p>\n<p><span style=\"font-weight: 400;\">Desde 21 de maio, o Estado registra 100% de transpar\u00eancia em todas as avalia\u00e7\u00f5es realizadas pela OKRB, o que reflete o esfor\u00e7o do poder p\u00fablico para fornecer \u00e0 popula\u00e7\u00e3o todos os dados dispon\u00edveis sobre a evolu\u00e7\u00e3o da doen\u00e7a. Al\u00e9m de Minas, somente Goi\u00e1s conseguiu alcan\u00e7ar este resultado e tamb\u00e9m integra a primeira posi\u00e7\u00e3o do ranking.\u00a0<\/span><\/p>\n<p><b>Sobre\u00a0<\/b><\/p>\n<p><span style=\"font-weight: 400;\">O \u00edndice de transpar\u00eancia da covid-19 come\u00e7ou a ser medido em 3 de abril. Para fazer a an\u00e1lise, a OKBR considera os conte\u00fados divulgados diariamente pelos governos, al\u00e9m do detalhamento e do formato em que os dados s\u00e3o disponibilizados. Quanto mais transparente, mais \u00e1gil ser\u00e1 o trabalho dos \u00f3rg\u00e3os p\u00fablicos no enfrentamento \u00e0 pandemia e o envolvimento de outros setores da sociedade na constru\u00e7\u00e3o de solu\u00e7\u00f5es conjuntas.\u00a0<\/span><\/p>\n<p><span style=\"font-weight: 400;\">Um estado com a nota m\u00e1xima no \u00edndice deve apresentar informa\u00e7\u00f5es dos casos confirmados como: idade ou faixa et\u00e1ria, sexo, estado de atendimento, doen\u00e7as preexistentes, outras doen\u00e7as respirat\u00f3rias, taxa de ocupa\u00e7\u00e3o de leitos, testes dispon\u00edveis e testes aplicados. Al\u00e9m disso, os governos tamb\u00e9m devem disponibilizar \u00e0 popula\u00e7\u00e3o microdados anonimizados sobre a doen\u00e7a, localiza\u00e7\u00e3o geogr\u00e1fica precisa dos casos, painel para consulta, dados em formato aberto e s\u00e9rie hist\u00f3rica.\u00a0<\/span><\/p>\n<p><b>Boletim<\/b><\/p>\n<p><span style=\"font-weight: 400;\">O informe epidemiol\u00f3gico divulgado pela Secretaria de Estado de Sa\u00fade (SES-MG) nesta quinta-feira (18\/6) mostra que Minas Gerais tem 24.906 casos de covid-19 confirmados, sendo 10.658 em acompanhamento e 13.678 recuperados. At\u00e9 o momento, 570 \u00f3bitos pela doen\u00e7a foram confirmados no estado.\u00a0<\/span><\/p>\n<p><strong>Fonte:\u00a0<\/strong>Ag\u00eancia Minas<\/p>\n","protected":false},"excerpt":{"rendered":"<p>Novo levantamento da Open Knowledge Brasil (OKBR) mostra que Minas Gerais segue na lideran\u00e7a no ranking de transpar\u00eancia dos estados brasileiros com rela\u00e7\u00e3o \u00e0 divulga\u00e7\u00e3o de dados e informa\u00e7\u00f5es em seus portais oficiais sobre a pandemia de covid-19. A organiza\u00e7\u00e3o sem fins lucrativos e apartid\u00e1ria realiza o monitoramento semanal dos governos todas as quintas-feiras. O [&hellip;]<\/p>\n","protected":false},"author":96,"featured_media":162518,"comment_status":"closed","ping_status":"closed","sticky":false,"template":"","format":"standard","meta":{"footnotes":""},"categories":[436,440,254,439],"tags":[],"class_list":["post-162517","post","type-post","status-publish","format-standard","has-post-thumbnail","hentry","category-destaque-da-semana","category-destaques-do-dia","category-politica","category-ultima-hora"],"_links":{"self":[{"href":"https:\/\/diarioregionaldigital.com.br\/index.php?rest_route=\/wp\/v2\/posts\/162517","targetHints":{"allow":["GET"]}}],"collection":[{"href":"https:\/\/diarioregionaldigital.com.br\/index.php?rest_route=\/wp\/v2\/posts"}],"about":[{"href":"https:\/\/diarioregionaldigital.com.br\/index.php?rest_route=\/wp\/v2\/types\/post"}],"author":[{"embeddable":true,"href":"https:\/\/diarioregionaldigital.com.br\/index.php?rest_route=\/wp\/v2\/users\/96"}],"replies":[{"embeddable":true,"href":"https:\/\/diarioregionaldigital.com.br\/index.php?rest_route=%2Fwp%2Fv2%2Fcomments&post=162517"}],"version-history":[{"count":0,"href":"https:\/\/diarioregionaldigital.com.br\/index.php?rest_route=\/wp\/v2\/posts\/162517\/revisions"}],"wp:featuredmedia":[{"embeddable":true,"href":"https:\/\/diarioregionaldigital.com.br\/index.php?rest_route=\/wp\/v2\/media\/162518"}],"wp:attachment":[{"href":"https:\/\/diarioregionaldigital.com.br\/index.php?rest_route=%2Fwp%2Fv2%2Fmedia&parent=162517"}],"wp:term":[{"taxonomy":"category","embeddable":true,"href":"https:\/\/diarioregionaldigital.com.br\/index.php?rest_route=%2Fwp%2Fv2%2Fcategories&post=162517"},{"taxonomy":"post_tag","embeddable":true,"href":"https:\/\/diarioregionaldigital.com.br\/index.php?rest_route=%2Fwp%2Fv2%2Ftags&post=162517"}],"curies":[{"name":"wp","href":"https:\/\/api.w.org\/{rel}","templated":true}]}}