{"id":162513,"date":"2020-06-18T10:35:37","date_gmt":"2020-06-18T13:35:37","guid":{"rendered":"https:\/\/diarioregionaldigital.com.br\/?p=162513"},"modified":"2020-06-18T10:36:37","modified_gmt":"2020-06-18T13:36:37","slug":"boletim-informa-que-minas-gerais-chega-a-quase-25-mil-casos-confirmados","status":"publish","type":"post","link":"https:\/\/diarioregionaldigital.com.br\/?p=162513","title":{"rendered":"Boletim informa que Minas Gerais chega a quase 25 mil casos confirmados"},"content":{"rendered":"<p>A Secretaria de Estado da Sa\u00fade de Minas Gerais (SES-MG), confirmou em\u00a0<a href=\"https:\/\/saude.mg.gov.br\/images\/noticias_e_eventos\/000_2020\/Boletins_Corona\/Boletim_Epidemiologico_COVID-19_18.06.2020.pdf\">boletim epidemiol\u00f3gico<\/a> divulgado hoje (18), que na compara\u00e7\u00e3o com o boletim de ontem (16), houve aumento de 1.559 novos casos por Coronav\u00edrus no estado, totalizando 24.906 casos confirmados. Segundo o levantamento, houve aumento de 12.695 para 13.678 pacientes recuperados da doen\u00e7a. Este total representa 54,9% dos casos. Conforme o levantamento, foram feitos 30.132 testes laboratoriais, sendo que 3.729 deram resultado positivo, 24.978 deram negativo e 1.097 est\u00e3o sob an\u00e1lise.<\/p>\n<p>Conforme o boletim, em 24h, o n\u00famero de mortes confirmadas subiu de 537 para 570. As mortes confirmadas no boletim atualizado, foram confirmadas em: Patroc\u00ednio, Resplendor, Ouro Preto, Contagem, Santa Luzia, Raposos, Tr\u00eas Cora\u00e7\u00f5es, S\u00e3o Francisco, Ipatinga, Governador Valadares, Mantena, Uberl\u00e2ndia, Muria\u00e9, Patos de Minas, Passos, Coronel Pacheco, Ub\u00e1, Belo Horizonte, Campina Verde, Carangola e Uberaba.<\/p>\n<p>Confira abaixo a tabela completa com os \u00f3bitos confirmados no estado:<\/p>\n<p><a href=\"https:\/\/diarioregionaldigital.com.br\/wp-content\/uploads\/2020\/06\/OBITOS_CONF_COVID-19_MG_18.06.2020.xls\">OBITOS_CONF_COVID-19_MG_18.06.2020<\/a><\/p>\n","protected":false},"excerpt":{"rendered":"<p>A Secretaria de Estado da Sa\u00fade de Minas Gerais (SES-MG), confirmou em\u00a0boletim epidemiol\u00f3gico divulgado hoje (18), que na compara\u00e7\u00e3o com o boletim de ontem (16), houve aumento de 1.559 novos casos por Coronav\u00edrus no estado, totalizando 24.906 casos confirmados. Segundo o levantamento, houve aumento de 12.695 para 13.678 pacientes recuperados da doen\u00e7a. Este total representa [&hellip;]<\/p>\n","protected":false},"author":96,"featured_media":161328,"comment_status":"closed","ping_status":"closed","sticky":false,"template":"","format":"standard","meta":{"footnotes":""},"categories":[436,440,252,439],"tags":[],"class_list":["post-162513","post","type-post","status-publish","format-standard","has-post-thumbnail","hentry","category-destaque-da-semana","category-destaques-do-dia","category-regiao","category-ultima-hora"],"_links":{"self":[{"href":"https:\/\/diarioregionaldigital.com.br\/index.php?rest_route=\/wp\/v2\/posts\/162513","targetHints":{"allow":["GET"]}}],"collection":[{"href":"https:\/\/diarioregionaldigital.com.br\/index.php?rest_route=\/wp\/v2\/posts"}],"about":[{"href":"https:\/\/diarioregionaldigital.com.br\/index.php?rest_route=\/wp\/v2\/types\/post"}],"author":[{"embeddable":true,"href":"https:\/\/diarioregionaldigital.com.br\/index.php?rest_route=\/wp\/v2\/users\/96"}],"replies":[{"embeddable":true,"href":"https:\/\/diarioregionaldigital.com.br\/index.php?rest_route=%2Fwp%2Fv2%2Fcomments&post=162513"}],"version-history":[{"count":0,"href":"https:\/\/diarioregionaldigital.com.br\/index.php?rest_route=\/wp\/v2\/posts\/162513\/revisions"}],"wp:featuredmedia":[{"embeddable":true,"href":"https:\/\/diarioregionaldigital.com.br\/index.php?rest_route=\/wp\/v2\/media\/161328"}],"wp:attachment":[{"href":"https:\/\/diarioregionaldigital.com.br\/index.php?rest_route=%2Fwp%2Fv2%2Fmedia&parent=162513"}],"wp:term":[{"taxonomy":"category","embeddable":true,"href":"https:\/\/diarioregionaldigital.com.br\/index.php?rest_route=%2Fwp%2Fv2%2Fcategories&post=162513"},{"taxonomy":"post_tag","embeddable":true,"href":"https:\/\/diarioregionaldigital.com.br\/index.php?rest_route=%2Fwp%2Fv2%2Ftags&post=162513"}],"curies":[{"name":"wp","href":"https:\/\/api.w.org\/{rel}","templated":true}]}}