{"id":162504,"date":"2020-06-18T06:00:50","date_gmt":"2020-06-18T09:00:50","guid":{"rendered":"https:\/\/diarioregionaldigital.com.br\/?p=162504"},"modified":"2020-06-18T00:50:25","modified_gmt":"2020-06-18T03:50:25","slug":"anarrie","status":"publish","type":"post","link":"https:\/\/diarioregionaldigital.com.br\/?p=162504","title":{"rendered":"Anarri\u00ea"},"content":{"rendered":"<p style=\"text-align: center;\"><strong>Anarri\u00ea<\/strong><\/p>\n<p style=\"text-align: center;\">Diante da pandemia do Coronav\u00edrus a presidente da Ascomcer, Alessandra Sampaio tamb\u00e9m vai recorrer ao virtual. Agendou para o dia 20 de junho, o 8\u00ba Arrai\u00e1 Beneficente da Ascomceron-line. Para tanto, todas as comidas t\u00edpicas ser\u00e3o vendidas pelo aplicativo Robin Food e a dupla sensa\u00e7\u00e3o Renan &amp; Cristiano far\u00e1 uma live com participa\u00e7\u00f5es especiais.<\/p>\n<p style=\"text-align: center;\"><strong>Garimpando<\/strong><\/p>\n<p style=\"text-align: center;\">Em tempos de quarentena, at\u00e9 o antiqu\u00e1rio ganhou vers\u00e3o on-line. O AD St\u00fadios lan\u00e7ou um e-commerce (adstudio.art.br) com aquele olhar caprichado da fam\u00edlia. Al\u00e9m do acervo especial ainda tem dicas de restaura\u00e7\u00e3o e upcycling.<\/p>\n<p style=\"text-align: center;\"><strong>Economia<\/strong><\/p>\n<p style=\"text-align: center;\">Em meio ao caos financeiro atualmente no Brasil, a Centauro, varejista de artigos esportivos do empres\u00e1rio Sebasti\u00e3o Bomfim, comprou a opera\u00e7\u00e3o brasileira da Nike em fevereiro, mas j\u00e1 est\u00e1 mirando uma nova aquisi\u00e7\u00e3o. A preferida \u00e9 a Penalty.<\/p>\n<p style=\"text-align: center;\"><strong>Educa\u00e7\u00e3o <\/strong><\/p>\n<p style=\"text-align: center;\">Sintonia com o momento atual, a professora da Suprema, Patr\u00edcia Guedes lan\u00e7ou a obra \u201cTexto &amp; atlas de parasitologia\u201d. Reunindo um grupo com alunos de farm\u00e1cia e medicina, a pesquisa teve participa\u00e7\u00e3o de Mariana Hauck, Amanda Gusm\u00e3o, Mariana Baptista, Eleusa Nogueira e Oswaldo Cruz.<\/p>\n<p style=\"text-align: center;\"><span style=\"font-size: 14pt;\"><strong>Para Refletir<\/strong><\/span><\/p>\n<p style=\"text-align: center;\">A educa\u00e7\u00e3o destutela e liberta o ser humano, por isso \u00e9 t\u00e3o temida pelos donos do poder. Para educar, tanto uma crian\u00e7a quanto um adulto, \u00e9 tamb\u00e9m preciso paci\u00eancia e entender os tempos diferentes de cada um.<\/p>\n<div id=\"attachment_162491\" style=\"width: 690px\" class=\"wp-caption aligncenter\"><img loading=\"lazy\" decoding=\"async\" aria-describedby=\"caption-attachment-162491\" class=\"wp-image-162491\" src=\"https:\/\/diarioregionaldigital.com.br\/wp-content\/uploads\/2020\/06\/fotoa-9-e1592449377277.jpg\" alt=\"\" width=\"680\" height=\"492\" srcset=\"https:\/\/diarioregionaldigital.com.br\/wp-content\/uploads\/2020\/06\/fotoa-9-e1592449377277.jpg 658w, https:\/\/diarioregionaldigital.com.br\/wp-content\/uploads\/2020\/06\/fotoa-9-e1592449377277-300x217.jpg 300w, https:\/\/diarioregionaldigital.com.br\/wp-content\/uploads\/2020\/06\/fotoa-9-e1592449377277-360x260.jpg 360w\" sizes=\"auto, (max-width: 680px) 100vw, 680px\" \/><p id=\"caption-attachment-162491\" class=\"wp-caption-text\">Em 2019 fazendo junina na fazenda os casais: Cleber Venerando e Ana Paula Duque, Talles Cunha e Lahys Varoto e Rodrigo Daibert e Fl\u00e1via Moura<\/p><\/div>\n<div id=\"attachment_162492\" style=\"width: 690px\" class=\"wp-caption aligncenter\"><img loading=\"lazy\" decoding=\"async\" aria-describedby=\"caption-attachment-162492\" class=\"wp-image-162492\" src=\"https:\/\/diarioregionaldigital.com.br\/wp-content\/uploads\/2020\/06\/fotoaa-3-e1592449440443.jpg\" alt=\"\" width=\"680\" height=\"485\" srcset=\"https:\/\/diarioregionaldigital.com.br\/wp-content\/uploads\/2020\/06\/fotoaa-3-e1592449440443.jpg 990w, https:\/\/diarioregionaldigital.com.br\/wp-content\/uploads\/2020\/06\/fotoaa-3-e1592449440443-300x214.jpg 300w, https:\/\/diarioregionaldigital.com.br\/wp-content\/uploads\/2020\/06\/fotoaa-3-e1592449440443-768x548.jpg 768w, https:\/\/diarioregionaldigital.com.br\/wp-content\/uploads\/2020\/06\/fotoaa-3-e1592449440443-360x257.jpg 360w, https:\/\/diarioregionaldigital.com.br\/wp-content\/uploads\/2020\/06\/fotoaa-3-e1592449440443-100x70.jpg 100w\" sizes=\"auto, (max-width: 680px) 100vw, 680px\" \/><p id=\"caption-attachment-162492\" class=\"wp-caption-text\">Jovens de sucesso da gera\u00e7\u00e3o jeans: Viny Frizero, Diego Almeida, Carlos Barbosa<\/p><\/div>\n<div id=\"attachment_162493\" style=\"width: 690px\" class=\"wp-caption aligncenter\"><img loading=\"lazy\" decoding=\"async\" aria-describedby=\"caption-attachment-162493\" class=\"wp-image-162493\" src=\"https:\/\/diarioregionaldigital.com.br\/wp-content\/uploads\/2020\/06\/fotob-10-e1592449476851.jpg\" alt=\"\" width=\"680\" height=\"536\" srcset=\"https:\/\/diarioregionaldigital.com.br\/wp-content\/uploads\/2020\/06\/fotob-10-e1592449476851.jpg 626w, https:\/\/diarioregionaldigital.com.br\/wp-content\/uploads\/2020\/06\/fotob-10-e1592449476851-300x236.jpg 300w, https:\/\/diarioregionaldigital.com.br\/wp-content\/uploads\/2020\/06\/fotob-10-e1592449476851-360x284.jpg 360w\" sizes=\"auto, (max-width: 680px) 100vw, 680px\" \/><p id=\"caption-attachment-162493\" class=\"wp-caption-text\">Fazendo sucesso com seus drinques mafiosos, o bar-man Diego Lucian<\/p><\/div>\n<div id=\"attachment_162494\" style=\"width: 690px\" class=\"wp-caption aligncenter\"><img loading=\"lazy\" decoding=\"async\" aria-describedby=\"caption-attachment-162494\" class=\"wp-image-162494\" src=\"https:\/\/diarioregionaldigital.com.br\/wp-content\/uploads\/2020\/06\/fotobb-1-e1592449548959.jpg\" alt=\"\" width=\"680\" height=\"491\" srcset=\"https:\/\/diarioregionaldigital.com.br\/wp-content\/uploads\/2020\/06\/fotobb-1-e1592449548959.jpg 1129w, https:\/\/diarioregionaldigital.com.br\/wp-content\/uploads\/2020\/06\/fotobb-1-e1592449548959-300x217.jpg 300w, https:\/\/diarioregionaldigital.com.br\/wp-content\/uploads\/2020\/06\/fotobb-1-e1592449548959-1024x740.jpg 1024w, https:\/\/diarioregionaldigital.com.br\/wp-content\/uploads\/2020\/06\/fotobb-1-e1592449548959-768x555.jpg 768w, https:\/\/diarioregionaldigital.com.br\/wp-content\/uploads\/2020\/06\/fotobb-1-e1592449548959-360x260.jpg 360w\" sizes=\"auto, (max-width: 680px) 100vw, 680px\" \/><p id=\"caption-attachment-162494\" class=\"wp-caption-text\">Na Live sobre o Dia Mundial de Combate a Viol\u00eancia Contra o Idoso, as guerreiras deputada Sheila Oliveira e a advogada Anna Ede<\/p><\/div>\n<div id=\"attachment_162495\" style=\"width: 690px\" class=\"wp-caption aligncenter\"><img loading=\"lazy\" decoding=\"async\" aria-describedby=\"caption-attachment-162495\" class=\"wp-image-162495\" src=\"https:\/\/diarioregionaldigital.com.br\/wp-content\/uploads\/2020\/06\/fotoc-9-e1592449623929.jpg\" alt=\"\" width=\"680\" height=\"567\" srcset=\"https:\/\/diarioregionaldigital.com.br\/wp-content\/uploads\/2020\/06\/fotoc-9-e1592449623929.jpg 360w, https:\/\/diarioregionaldigital.com.br\/wp-content\/uploads\/2020\/06\/fotoc-9-e1592449623929-300x250.jpg 300w\" sizes=\"auto, (max-width: 680px) 100vw, 680px\" \/><p id=\"caption-attachment-162495\" class=\"wp-caption-text\">A bonita Nayane Netto pronta para o lan\u00e7amento chique inverno dos acess\u00f3rios da By Candy<\/p><\/div>\n<div id=\"attachment_162496\" style=\"width: 690px\" class=\"wp-caption aligncenter\"><img loading=\"lazy\" decoding=\"async\" aria-describedby=\"caption-attachment-162496\" class=\"wp-image-162496\" src=\"https:\/\/diarioregionaldigital.com.br\/wp-content\/uploads\/2020\/06\/fotod-8-e1592449774447.jpg\" alt=\"\" width=\"680\" height=\"483\" srcset=\"https:\/\/diarioregionaldigital.com.br\/wp-content\/uploads\/2020\/06\/fotod-8-e1592449774447.jpg 2048w, https:\/\/diarioregionaldigital.com.br\/wp-content\/uploads\/2020\/06\/fotod-8-e1592449774447-300x213.jpg 300w, https:\/\/diarioregionaldigital.com.br\/wp-content\/uploads\/2020\/06\/fotod-8-e1592449774447-1024x727.jpg 1024w, https:\/\/diarioregionaldigital.com.br\/wp-content\/uploads\/2020\/06\/fotod-8-e1592449774447-768x545.jpg 768w, https:\/\/diarioregionaldigital.com.br\/wp-content\/uploads\/2020\/06\/fotod-8-e1592449774447-1536x1091.jpg 1536w, https:\/\/diarioregionaldigital.com.br\/wp-content\/uploads\/2020\/06\/fotod-8-e1592449774447-360x256.jpg 360w, https:\/\/diarioregionaldigital.com.br\/wp-content\/uploads\/2020\/06\/fotod-8-e1592449774447-100x70.jpg 100w\" sizes=\"auto, (max-width: 680px) 100vw, 680px\" \/><p id=\"caption-attachment-162496\" class=\"wp-caption-text\">Mulheres empoderadas no Poleiro do Galo: Giglia Ferrari, Ieda Ciampi e Lurdinha Batitucci<\/p><\/div>\n<div id=\"attachment_162497\" style=\"width: 690px\" class=\"wp-caption aligncenter\"><img loading=\"lazy\" decoding=\"async\" aria-describedby=\"caption-attachment-162497\" class=\"wp-image-162497\" src=\"https:\/\/diarioregionaldigital.com.br\/wp-content\/uploads\/2020\/06\/fotoe-10-e1592449805438.jpg\" alt=\"\" width=\"680\" height=\"577\" srcset=\"https:\/\/diarioregionaldigital.com.br\/wp-content\/uploads\/2020\/06\/fotoe-10-e1592449805438.jpg 1040w, https:\/\/diarioregionaldigital.com.br\/wp-content\/uploads\/2020\/06\/fotoe-10-e1592449805438-300x255.jpg 300w, https:\/\/diarioregionaldigital.com.br\/wp-content\/uploads\/2020\/06\/fotoe-10-e1592449805438-1024x869.jpg 1024w, https:\/\/diarioregionaldigital.com.br\/wp-content\/uploads\/2020\/06\/fotoe-10-e1592449805438-768x652.jpg 768w, https:\/\/diarioregionaldigital.com.br\/wp-content\/uploads\/2020\/06\/fotoe-10-e1592449805438-360x306.jpg 360w\" sizes=\"auto, (max-width: 680px) 100vw, 680px\" \/><p id=\"caption-attachment-162497\" class=\"wp-caption-text\">Visitando nossa coluna virtual, os jornalistas L\u00edvia Hon\u00f3rio e Thales Rodrigues<\/p><\/div>\n<div id=\"attachment_162498\" style=\"width: 690px\" class=\"wp-caption aligncenter\"><img loading=\"lazy\" decoding=\"async\" aria-describedby=\"caption-attachment-162498\" class=\"wp-image-162498\" src=\"https:\/\/diarioregionaldigital.com.br\/wp-content\/uploads\/2020\/06\/fotof-11-e1592449862265.jpg\" alt=\"\" width=\"680\" height=\"503\" srcset=\"https:\/\/diarioregionaldigital.com.br\/wp-content\/uploads\/2020\/06\/fotof-11-e1592449862265.jpg 1066w, https:\/\/diarioregionaldigital.com.br\/wp-content\/uploads\/2020\/06\/fotof-11-e1592449862265-300x222.jpg 300w, https:\/\/diarioregionaldigital.com.br\/wp-content\/uploads\/2020\/06\/fotof-11-e1592449862265-1024x757.jpg 1024w, https:\/\/diarioregionaldigital.com.br\/wp-content\/uploads\/2020\/06\/fotof-11-e1592449862265-768x568.jpg 768w, https:\/\/diarioregionaldigital.com.br\/wp-content\/uploads\/2020\/06\/fotof-11-e1592449862265-360x266.jpg 360w\" sizes=\"auto, (max-width: 680px) 100vw, 680px\" \/><p id=\"caption-attachment-162498\" class=\"wp-caption-text\">Fazendo a linha rural durante isolamento, o ex-modelo Fernando Prados<\/p><\/div>\n<div id=\"attachment_162499\" style=\"width: 690px\" class=\"wp-caption aligncenter\"><img loading=\"lazy\" decoding=\"async\" aria-describedby=\"caption-attachment-162499\" class=\"wp-image-162499\" src=\"https:\/\/diarioregionaldigital.com.br\/wp-content\/uploads\/2020\/06\/fotog-10-e1592449909613.jpg\" alt=\"\" width=\"680\" height=\"465\" srcset=\"https:\/\/diarioregionaldigital.com.br\/wp-content\/uploads\/2020\/06\/fotog-10-e1592449909613.jpg 895w, https:\/\/diarioregionaldigital.com.br\/wp-content\/uploads\/2020\/06\/fotog-10-e1592449909613-300x205.jpg 300w, https:\/\/diarioregionaldigital.com.br\/wp-content\/uploads\/2020\/06\/fotog-10-e1592449909613-768x525.jpg 768w, https:\/\/diarioregionaldigital.com.br\/wp-content\/uploads\/2020\/06\/fotog-10-e1592449909613-360x246.jpg 360w\" sizes=\"auto, (max-width: 680px) 100vw, 680px\" \/><p id=\"caption-attachment-162499\" class=\"wp-caption-text\">A jornalista Erika Salazar com os talentosos m\u00fasicos: Fabr\u00edcio Nogueira, Mestre Jansen, Gabriel Elias Campos e Armando J\u00fanior<\/p><\/div>\n<div id=\"attachment_162500\" style=\"width: 690px\" class=\"wp-caption aligncenter\"><img loading=\"lazy\" decoding=\"async\" aria-describedby=\"caption-attachment-162500\" class=\"wp-image-162500\" src=\"https:\/\/diarioregionaldigital.com.br\/wp-content\/uploads\/2020\/06\/fotoh-11-e1592449950649.jpg\" alt=\"\" width=\"680\" height=\"496\" srcset=\"https:\/\/diarioregionaldigital.com.br\/wp-content\/uploads\/2020\/06\/fotoh-11-e1592449950649.jpg 1367w, https:\/\/diarioregionaldigital.com.br\/wp-content\/uploads\/2020\/06\/fotoh-11-e1592449950649-300x219.jpg 300w, https:\/\/diarioregionaldigital.com.br\/wp-content\/uploads\/2020\/06\/fotoh-11-e1592449950649-1024x747.jpg 1024w, https:\/\/diarioregionaldigital.com.br\/wp-content\/uploads\/2020\/06\/fotoh-11-e1592449950649-768x560.jpg 768w, https:\/\/diarioregionaldigital.com.br\/wp-content\/uploads\/2020\/06\/fotoh-11-e1592449950649-360x263.jpg 360w\" sizes=\"auto, (max-width: 680px) 100vw, 680px\" \/><p id=\"caption-attachment-162500\" class=\"wp-caption-text\">No Bar Salvaterra, Eduardo Gomes com as elegantes: Aurea Almeida, Beth Urgal, Beth Ank e Celita Emiliano<\/p><\/div>\n<p style=\"text-align: center;\"><strong>FOTOSS\u00cdNTESE<\/strong><\/p>\n<p>Bolsas, brincos, pulseiras e acess\u00f3rios finos para noivas fazem escalada chique no cole\u00e7\u00e3o inverno da By Candy, com o tema \u201cCielo-Fall Winter 2020\u201d.<\/p>\n<p>Fernanda Schr\u00f6der manda noticia de Belo Horizonte onde se destaca como psic\u00f3loga e \u2018coach\u2019 com a plataforma My Direction, que auxilia as pessoas no desenvolvimento profissional.<\/p>\n<p>Causou impacto a entrevista do m\u00e9dico-psiquiatra Helio F\u00e1del no Globo Esporte Zona da Mata e Centro-Oeste sobre o panorama do esporte sa\u00fade mental.<\/p>\n<p>Aten\u00e7\u00e3o: O projeto \u2018Calma Nesta Hora\u2019 que re\u00fane 70 volunt\u00e1rios do Brasil e da Argentina oferece acolhimento on-line durante a quarentena. Para aliviar a ansiedade, pode ser acessado pelo site (calmanessahora.combr).<\/p>\n<p>O condom\u00ednio Prainha de Monte Verde foi cen\u00e1rio para poucos e bons para a comemora\u00e7\u00e3o dos 40 anos da querida Tha\u00eds Debortoli.<\/p>\n<p>Em fase nova a UniAcademia (antigo CES) est\u00e1 com novidades com novos cursos para fisioterapia, educa\u00e7\u00e3o f\u00edsica, nutri\u00e7\u00e3o e engenharia de produ\u00e7\u00e3o sob a batuta de Giovanio Aguiar.<\/p>\n<p>Perguntinha: Ser\u00e1 que as lives ir\u00e3o substituir os shows?<\/p>\n<p>O box de docinhos finos de Rose Tortorielho s\u00e3o deliciosos evidenciando o bom gosto e a qualidade apresentada. Para quem pode.<\/p>\n<p>Marcia Luz promove de 22 a 26 de junho, a Semana da reprograma\u00e7\u00e3o Mental com treinamento gratuito e on-line.<\/p>\n<p>Aten\u00e7\u00e3o: Nos dias de hoje, cuidado com o stress mais vale chegar atrasado neste mundo do que adiantado no outro. Bom dia.<\/p>\n<p><img loading=\"lazy\" decoding=\"async\" class=\"aligncenter size-full wp-image-162503\" src=\"https:\/\/diarioregionaldigital.com.br\/wp-content\/uploads\/2020\/06\/anuncio18-scaled.jpg\" alt=\"\" width=\"2560\" height=\"917\" srcset=\"https:\/\/diarioregionaldigital.com.br\/wp-content\/uploads\/2020\/06\/anuncio18-scaled.jpg 2560w, https:\/\/diarioregionaldigital.com.br\/wp-content\/uploads\/2020\/06\/anuncio18-300x108.jpg 300w, https:\/\/diarioregionaldigital.com.br\/wp-content\/uploads\/2020\/06\/anuncio18-1024x367.jpg 1024w, https:\/\/diarioregionaldigital.com.br\/wp-content\/uploads\/2020\/06\/anuncio18-768x275.jpg 768w, https:\/\/diarioregionaldigital.com.br\/wp-content\/uploads\/2020\/06\/anuncio18-1536x550.jpg 1536w, https:\/\/diarioregionaldigital.com.br\/wp-content\/uploads\/2020\/06\/anuncio18-2048x734.jpg 2048w, https:\/\/diarioregionaldigital.com.br\/wp-content\/uploads\/2020\/06\/anuncio18-360x129.jpg 360w\" sizes=\"auto, (max-width: 2560px) 100vw, 2560px\" \/><\/p>\n","protected":false},"excerpt":{"rendered":"<p>Anarri\u00ea Diante da pandemia do Coronav\u00edrus a presidente da Ascomcer, Alessandra Sampaio tamb\u00e9m vai recorrer ao virtual. Agendou para o dia 20 de junho, o 8\u00ba Arrai\u00e1 Beneficente da Ascomceron-line. Para tanto, todas as comidas t\u00edpicas ser\u00e3o vendidas pelo aplicativo Robin Food e a dupla sensa\u00e7\u00e3o Renan &amp; Cristiano far\u00e1 uma live com participa\u00e7\u00f5es especiais. [&hellip;]<\/p>\n","protected":false},"author":96,"featured_media":162491,"comment_status":"closed","ping_status":"closed","sticky":false,"template":"","format":"standard","meta":{"footnotes":""},"categories":[264],"tags":[],"class_list":["post-162504","post","type-post","status-publish","format-standard","has-post-thumbnail","hentry","category-eduardo-gomes"],"_links":{"self":[{"href":"https:\/\/diarioregionaldigital.com.br\/index.php?rest_route=\/wp\/v2\/posts\/162504","targetHints":{"allow":["GET"]}}],"collection":[{"href":"https:\/\/diarioregionaldigital.com.br\/index.php?rest_route=\/wp\/v2\/posts"}],"about":[{"href":"https:\/\/diarioregionaldigital.com.br\/index.php?rest_route=\/wp\/v2\/types\/post"}],"author":[{"embeddable":true,"href":"https:\/\/diarioregionaldigital.com.br\/index.php?rest_route=\/wp\/v2\/users\/96"}],"replies":[{"embeddable":true,"href":"https:\/\/diarioregionaldigital.com.br\/index.php?rest_route=%2Fwp%2Fv2%2Fcomments&post=162504"}],"version-history":[{"count":0,"href":"https:\/\/diarioregionaldigital.com.br\/index.php?rest_route=\/wp\/v2\/posts\/162504\/revisions"}],"wp:featuredmedia":[{"embeddable":true,"href":"https:\/\/diarioregionaldigital.com.br\/index.php?rest_route=\/wp\/v2\/media\/162491"}],"wp:attachment":[{"href":"https:\/\/diarioregionaldigital.com.br\/index.php?rest_route=%2Fwp%2Fv2%2Fmedia&parent=162504"}],"wp:term":[{"taxonomy":"category","embeddable":true,"href":"https:\/\/diarioregionaldigital.com.br\/index.php?rest_route=%2Fwp%2Fv2%2Fcategories&post=162504"},{"taxonomy":"post_tag","embeddable":true,"href":"https:\/\/diarioregionaldigital.com.br\/index.php?rest_route=%2Fwp%2Fv2%2Ftags&post=162504"}],"curies":[{"name":"wp","href":"https:\/\/api.w.org\/{rel}","templated":true}]}}