{"id":162487,"date":"2020-06-17T20:47:12","date_gmt":"2020-06-17T23:47:12","guid":{"rendered":"https:\/\/diarioregionaldigital.com.br\/?p=162487"},"modified":"2020-06-17T20:47:12","modified_gmt":"2020-06-17T23:47:12","slug":"covid-19-brasil-tem-465-mil-mortes-e-9553-mil-casos-confirmados","status":"publish","type":"post","link":"https:\/\/diarioregionaldigital.com.br\/?p=162487","title":{"rendered":"Covid-19: Brasil tem 46,5 mil mortes e 955,3 mil casos confirmados"},"content":{"rendered":"<p>O Brasil teve 1.269 novas mortes por covid-19 registradas nas \u00faltimas 24h, de acordo com atualiza\u00e7\u00e3o do Minist\u00e9rio da Sa\u00fade divulgada\u00a0hoje\u00a0(17). Com esses acr\u00e9scimos \u00e0s estat\u00edsticas, o pa\u00eds chegou a 46.510 falecimentos em fun\u00e7\u00e3o da pandemia do novo coronav\u00edrus.<img decoding=\"async\" src=\"https:\/\/agenciabrasil.ebc.com.br\/ebc.png?id=1309790&amp;o=node\" \/><\/p>\n<p>O balan\u00e7o da pasta contabilizou tamb\u00e9m 32.188 novos casos da doen\u00e7a, totalizando 955.377, podendo chegar a\u00a0marca de 1 milh\u00e3o de pessoas infectadas at\u00e9 o fim desta semana.<\/p>\n<p>A atualiza\u00e7\u00e3o di\u00e1ria traz um aumento de 2,8% no n\u00famero de \u00f3bitos em rela\u00e7\u00e3o a\u00a0ontem(16), quando o total estava em 45.241. J\u00e1 o acr\u00e9scimo de casos confirmados marcou uma varia\u00e7\u00e3o de 3,4% sobre o n\u00famero de\u00a0ontem, quando os dados do Minist\u00e9rio da Sa\u00fade\u00a0registravam 923.189 pessoas infectadas.<\/p>\n<p>Do total de casos confirmados de covid-19 no Brasil, 445.393 pacientes est\u00e3o em observa\u00e7\u00e3o e 463.474 foram recuperados. H\u00e1 ainda\u00a04.033 mortes em investiga\u00e7\u00e3o.<\/p>\n<p>A taxa de letalidade (n\u00famero de mortes pelo total de casos) ficou em 4,9%. A mortalidade (falecimentos por 100.000 habitantes) foi de 22,1. J\u00e1 incid\u00eancia (casos confirmados por 100.000 habitantes) ficou em 454,6.<\/p>\n<p>Os estados com maior n\u00famero de \u00f3bitos s\u00e3o S\u00e3o Paulo (11.521), Rio\u00a0de Janeiro\u00a0(8.138), Cear\u00e1 (5.282), Par\u00e1 (4.350) e Pernambuco (4.009). Ainda figuram entres os com altos \u00edndices de v\u00edtimas fatais em fun\u00e7\u00e3o da pandemia Amazonas (2.579), Maranh\u00e3o (1.570), Bahia (1.222), Esp\u00edrito Santo (1.169), Alagoas (811) e Para\u00edba (696).<\/p>\n<p>Os estados com mais casos confirmados de covid-19 s\u00e3o\u00a0S\u00e3o Paulo (191.517), Rio\u00a0de Janeiro\u00a0(86.963), Cear\u00e1 (84.967), Par\u00e1 (74.192) e Maranh\u00e3o (64.735).<\/p>\n<p><strong>Fonte:\u00a0<\/strong>Ag\u00eancia Brasil<\/p>\n","protected":false},"excerpt":{"rendered":"<p>O Brasil teve 1.269 novas mortes por covid-19 registradas nas \u00faltimas 24h, de acordo com atualiza\u00e7\u00e3o do Minist\u00e9rio da Sa\u00fade divulgada\u00a0hoje\u00a0(17). Com esses acr\u00e9scimos \u00e0s estat\u00edsticas, o pa\u00eds chegou a 46.510 falecimentos em fun\u00e7\u00e3o da pandemia do novo coronav\u00edrus. O balan\u00e7o da pasta contabilizou tamb\u00e9m 32.188 novos casos da doen\u00e7a, totalizando 955.377, podendo chegar a\u00a0marca [&hellip;]<\/p>\n","protected":false},"author":96,"featured_media":162488,"comment_status":"closed","ping_status":"closed","sticky":false,"template":"","format":"standard","meta":{"footnotes":""},"categories":[302,436,440,439],"tags":[],"class_list":["post-162487","post","type-post","status-publish","format-standard","has-post-thumbnail","hentry","category-brasil-mundo","category-destaque-da-semana","category-destaques-do-dia","category-ultima-hora"],"_links":{"self":[{"href":"https:\/\/diarioregionaldigital.com.br\/index.php?rest_route=\/wp\/v2\/posts\/162487","targetHints":{"allow":["GET"]}}],"collection":[{"href":"https:\/\/diarioregionaldigital.com.br\/index.php?rest_route=\/wp\/v2\/posts"}],"about":[{"href":"https:\/\/diarioregionaldigital.com.br\/index.php?rest_route=\/wp\/v2\/types\/post"}],"author":[{"embeddable":true,"href":"https:\/\/diarioregionaldigital.com.br\/index.php?rest_route=\/wp\/v2\/users\/96"}],"replies":[{"embeddable":true,"href":"https:\/\/diarioregionaldigital.com.br\/index.php?rest_route=%2Fwp%2Fv2%2Fcomments&post=162487"}],"version-history":[{"count":0,"href":"https:\/\/diarioregionaldigital.com.br\/index.php?rest_route=\/wp\/v2\/posts\/162487\/revisions"}],"wp:featuredmedia":[{"embeddable":true,"href":"https:\/\/diarioregionaldigital.com.br\/index.php?rest_route=\/wp\/v2\/media\/162488"}],"wp:attachment":[{"href":"https:\/\/diarioregionaldigital.com.br\/index.php?rest_route=%2Fwp%2Fv2%2Fmedia&parent=162487"}],"wp:term":[{"taxonomy":"category","embeddable":true,"href":"https:\/\/diarioregionaldigital.com.br\/index.php?rest_route=%2Fwp%2Fv2%2Fcategories&post=162487"},{"taxonomy":"post_tag","embeddable":true,"href":"https:\/\/diarioregionaldigital.com.br\/index.php?rest_route=%2Fwp%2Fv2%2Ftags&post=162487"}],"curies":[{"name":"wp","href":"https:\/\/api.w.org\/{rel}","templated":true}]}}