{"id":162485,"date":"2020-06-17T18:52:00","date_gmt":"2020-06-17T21:52:00","guid":{"rendered":"https:\/\/diarioregionaldigital.com.br\/?p=162485"},"modified":"2020-06-17T18:52:00","modified_gmt":"2020-06-17T21:52:00","slug":"policia-civil-deflagra-operacao-boi-sujo-em-fervedouro-e-regiao","status":"publish","type":"post","link":"https:\/\/diarioregionaldigital.com.br\/?p=162485","title":{"rendered":"Pol\u00edcia Civil deflagra opera\u00e7\u00e3o \u201cBoi Sujo\u201d em Fervedouro e regi\u00e3o"},"content":{"rendered":"<p><span style=\"font-weight: 400;\">Na manh\u00e3 desta quarta-feira (17), a Pol\u00edcia Civil de Minas Gerais deflagrou a opera\u00e7\u00e3o \u201cBoi Sujo\u201d, com o objetivo de combater furtos de gados e de maquin\u00e1rios no munic\u00edpio de Fervedouro e na regi\u00e3o. Duas pessoas foram presas e um ve\u00edculo Fiat Siena foi apreendido, durante a a\u00e7\u00e3o, cujo nome faz alus\u00e3o \u00e0 origem de mercancia il\u00edcita dos animais.<\/span><\/p>\n<p><span style=\"font-weight: 400;\">De acordo com informa\u00e7\u00f5es do Delegado Eduardo Freitas, os homens, suspeitos de integrarem uma quadrilha especializada na pr\u00e1tica criminosa, foram localizados em Fervedouro, j\u00e1 o carro que teria sido utilizado nos crimes para o transporte dos investigados foi localizado no distrito de Bom Jesus da Cachoeira.<\/span><\/p>\n<p><span style=\"font-weight: 400;\">Segundo a autoridade policial, os suspeitos foram presos pelos crimes de furto qualificado, associa\u00e7\u00e3o criminosa e corrup\u00e7\u00e3o de menores. Al\u00e9m disso, investiga\u00e7\u00f5es apontam que eles teriam cometido o crime de adultera\u00e7\u00e3o de sinal identificador de ve\u00edculo automotor, pois teriam utilizado um caminh\u00e3o clonado, que j\u00e1 foi apreendido pela Pol\u00edcia Militar, para ser utilizado na pr\u00e1tica de furtos de gados.<\/span><\/p>\n<p><span style=\"font-weight: 400;\">Os homens foram encaminhados ao sistema prisional, permanecendo \u00e0 disposi\u00e7\u00e3o da Justi\u00e7a. As investiga\u00e7\u00f5es prosseguem, inclusive com an\u00e1lise de imagens de c\u00e2meras para apurar a participa\u00e7\u00e3o de outros suspeitos.<\/span><\/p>\n<p><span style=\"font-weight: 400;\">Participaram da opera\u00e7\u00e3o policiais civis da 4\u00aa Delegacia Regional de Muria\u00e9, com atua\u00e7\u00e3o de equipes de Muria\u00e9, Fervedouro, Miradouro,Eugen\u00f3polis, Carangola, Divino e Tombos.<\/span><\/p>\n<p><strong>Fonte:\u00a0<\/strong>PCMG<\/p>\n","protected":false},"excerpt":{"rendered":"<p>Na manh\u00e3 desta quarta-feira (17), a Pol\u00edcia Civil de Minas Gerais deflagrou a opera\u00e7\u00e3o \u201cBoi Sujo\u201d, com o objetivo de combater furtos de gados e de maquin\u00e1rios no munic\u00edpio de Fervedouro e na regi\u00e3o. Duas pessoas foram presas e um ve\u00edculo Fiat Siena foi apreendido, durante a a\u00e7\u00e3o, cujo nome faz alus\u00e3o \u00e0 origem de [&hellip;]<\/p>\n","protected":false},"author":96,"featured_media":161269,"comment_status":"closed","ping_status":"closed","sticky":false,"template":"","format":"standard","meta":{"footnotes":""},"categories":[301,436,439],"tags":[],"class_list":["post-162485","post","type-post","status-publish","format-standard","has-post-thumbnail","hentry","category-artigos-policiais","category-destaque-da-semana","category-ultima-hora"],"_links":{"self":[{"href":"https:\/\/diarioregionaldigital.com.br\/index.php?rest_route=\/wp\/v2\/posts\/162485","targetHints":{"allow":["GET"]}}],"collection":[{"href":"https:\/\/diarioregionaldigital.com.br\/index.php?rest_route=\/wp\/v2\/posts"}],"about":[{"href":"https:\/\/diarioregionaldigital.com.br\/index.php?rest_route=\/wp\/v2\/types\/post"}],"author":[{"embeddable":true,"href":"https:\/\/diarioregionaldigital.com.br\/index.php?rest_route=\/wp\/v2\/users\/96"}],"replies":[{"embeddable":true,"href":"https:\/\/diarioregionaldigital.com.br\/index.php?rest_route=%2Fwp%2Fv2%2Fcomments&post=162485"}],"version-history":[{"count":0,"href":"https:\/\/diarioregionaldigital.com.br\/index.php?rest_route=\/wp\/v2\/posts\/162485\/revisions"}],"wp:featuredmedia":[{"embeddable":true,"href":"https:\/\/diarioregionaldigital.com.br\/index.php?rest_route=\/wp\/v2\/media\/161269"}],"wp:attachment":[{"href":"https:\/\/diarioregionaldigital.com.br\/index.php?rest_route=%2Fwp%2Fv2%2Fmedia&parent=162485"}],"wp:term":[{"taxonomy":"category","embeddable":true,"href":"https:\/\/diarioregionaldigital.com.br\/index.php?rest_route=%2Fwp%2Fv2%2Fcategories&post=162485"},{"taxonomy":"post_tag","embeddable":true,"href":"https:\/\/diarioregionaldigital.com.br\/index.php?rest_route=%2Fwp%2Fv2%2Ftags&post=162485"}],"curies":[{"name":"wp","href":"https:\/\/api.w.org\/{rel}","templated":true}]}}