{"id":162482,"date":"2020-06-17T18:50:30","date_gmt":"2020-06-17T21:50:30","guid":{"rendered":"https:\/\/diarioregionaldigital.com.br\/?p=162482"},"modified":"2020-06-17T18:50:30","modified_gmt":"2020-06-17T21:50:30","slug":"prf-apreende-caminhao-de-cerveja-sem-documentacao-fiscal-em-muriae-mg","status":"publish","type":"post","link":"https:\/\/diarioregionaldigital.com.br\/?p=162482","title":{"rendered":"PRF apreende caminh\u00e3o de cerveja sem documenta\u00e7\u00e3o fiscal em Muria\u00e9 (MG)"},"content":{"rendered":"<p>A Pol\u00edcia Rodovi\u00e1ria Federal (PRF) apreendeu 16.800 litros de cerveja sem documenta\u00e7\u00e3o fiscal na madrugada de ter\u00e7a-feira (16), na BR 116, KM 707 em Muria\u00e9 (MG). A carga foi apreendida durante fiscaliza\u00e7\u00e3o a uma combina\u00e7\u00e3o de ve\u00edculos de carga com placa do estado do Rio de Janeiro.<\/p>\n<p>Ap\u00f3s confer\u00eancia da documenta\u00e7\u00e3o dos ve\u00edculos e do condutor, a equipe realizou vistoria no compartimento de carga e constatou que ele estava carregado com aproximadamente 16.800 garrafas de cerveja de um litro cada.<\/p>\n<p>O motorista, de 31 anos, informou aos policiais que vinha de Vit\u00f3ria da Conquista na Bahia e tinha como destino a cidade de Nova Igua\u00e7u, no estado do Rio de Janeiro. Ao ser solicitada a documenta\u00e7\u00e3o fiscal referente ao transporte da mercadoria o motorista disse que n\u00e3o possu\u00eda.<\/p>\n<p>O caminh\u00e3o-trator bem como o semi-reboque foram encaminhados ao p\u00e1tio credenciado pela PRF. Foi lavrada ocorr\u00eancia para encaminhamento do fato \u00e0 Receita Estadual para aplica\u00e7\u00e3o das medidas fiscais cab\u00edveis.<\/p>\n<p><strong>Fonte:\u00a0<\/strong>PRF<\/p>\n","protected":false},"excerpt":{"rendered":"<p>A Pol\u00edcia Rodovi\u00e1ria Federal (PRF) apreendeu 16.800 litros de cerveja sem documenta\u00e7\u00e3o fiscal na madrugada de ter\u00e7a-feira (16), na BR 116, KM 707 em Muria\u00e9 (MG). A carga foi apreendida durante fiscaliza\u00e7\u00e3o a uma combina\u00e7\u00e3o de ve\u00edculos de carga com placa do estado do Rio de Janeiro. Ap\u00f3s confer\u00eancia da documenta\u00e7\u00e3o dos ve\u00edculos e do [&hellip;]<\/p>\n","protected":false},"author":96,"featured_media":162483,"comment_status":"closed","ping_status":"closed","sticky":false,"template":"","format":"standard","meta":{"footnotes":""},"categories":[301,436,439],"tags":[],"class_list":["post-162482","post","type-post","status-publish","format-standard","has-post-thumbnail","hentry","category-artigos-policiais","category-destaque-da-semana","category-ultima-hora"],"_links":{"self":[{"href":"https:\/\/diarioregionaldigital.com.br\/index.php?rest_route=\/wp\/v2\/posts\/162482","targetHints":{"allow":["GET"]}}],"collection":[{"href":"https:\/\/diarioregionaldigital.com.br\/index.php?rest_route=\/wp\/v2\/posts"}],"about":[{"href":"https:\/\/diarioregionaldigital.com.br\/index.php?rest_route=\/wp\/v2\/types\/post"}],"author":[{"embeddable":true,"href":"https:\/\/diarioregionaldigital.com.br\/index.php?rest_route=\/wp\/v2\/users\/96"}],"replies":[{"embeddable":true,"href":"https:\/\/diarioregionaldigital.com.br\/index.php?rest_route=%2Fwp%2Fv2%2Fcomments&post=162482"}],"version-history":[{"count":0,"href":"https:\/\/diarioregionaldigital.com.br\/index.php?rest_route=\/wp\/v2\/posts\/162482\/revisions"}],"wp:featuredmedia":[{"embeddable":true,"href":"https:\/\/diarioregionaldigital.com.br\/index.php?rest_route=\/wp\/v2\/media\/162483"}],"wp:attachment":[{"href":"https:\/\/diarioregionaldigital.com.br\/index.php?rest_route=%2Fwp%2Fv2%2Fmedia&parent=162482"}],"wp:term":[{"taxonomy":"category","embeddable":true,"href":"https:\/\/diarioregionaldigital.com.br\/index.php?rest_route=%2Fwp%2Fv2%2Fcategories&post=162482"},{"taxonomy":"post_tag","embeddable":true,"href":"https:\/\/diarioregionaldigital.com.br\/index.php?rest_route=%2Fwp%2Fv2%2Ftags&post=162482"}],"curies":[{"name":"wp","href":"https:\/\/api.w.org\/{rel}","templated":true}]}}