{"id":162479,"date":"2020-06-17T18:44:32","date_gmt":"2020-06-17T21:44:32","guid":{"rendered":"https:\/\/diarioregionaldigital.com.br\/?p=162479"},"modified":"2020-06-17T18:44:32","modified_gmt":"2020-06-17T21:44:32","slug":"pcmg-distribui-mais-de-mil-litros-de-leite-na-campanha-distribua-amor","status":"publish","type":"post","link":"https:\/\/diarioregionaldigital.com.br\/?p=162479","title":{"rendered":"PCMG distribui mais de mil litros de leite na Campanha Distribua Amor"},"content":{"rendered":"<p>Nos \u00faltimos dois meses, a Pol\u00edcia Civil de Minas Gerais (PCMG), com o objetivo de levar solidariedade \u00e0s popula\u00e7\u00f5es mais carentes do estado, se engajou ativamente na Campanha Distribua Amor, do Tribunal Regional Eleitoral de Minas Gerais (TRE\/MG).<\/p>\n<p>Ao todo, foram doados mais de mil litros de leite, que foram entregues na capital e interior para as pessoas necessitadas em tempos da pandemia do coronav\u00edrus. A campanha contou com a ades\u00e3o de todas as For\u00e7as de Seguran\u00e7a de Minas Gerais. \u201cA PCMG agradece ao TRE pelo convite em participar dessa campanha. Nesse contexto, a Pol\u00edcia Civil abriu suas unidades policiais para receber doa\u00e7\u00f5es de leite, que foram repassadas para doa\u00e7\u00e3o \u00e0 popula\u00e7\u00e3o mais carente. A\u00e7\u00f5es dessa natureza s\u00e3o de fundamental import\u00e2ncia para buscarmos, dessa forma, ajudar aqueles que mais precisam\u201d, destacou o Chefe da PCMG, Delegado-Geral Wagner Pinto de Souza.<\/p>\n<p>Na \u00faltima semana, servidores da PCMG, em diversas cidades do estado, distribu\u00edram as doa\u00e7\u00f5es da campanha. O leite em p\u00f3 e de caixinha arrecadado foi entregue \u00e0s fam\u00edlias e \u00e0s institui\u00e7\u00f5es filantr\u00f3picas, para auxiliar no desenvolvimento do trabalho solid\u00e1rio.<\/p>\n<p>Em Muria\u00e9, as arrecada\u00e7\u00f5es foram doadas ao Grupo Fraternidade Esp\u00edrita Andr\u00e9 Luiz. \u201cQueria agradecer aos doadores, que foram muitos. N\u00f3s conseguimos identificar a institui\u00e7\u00e3o que trabalha com o p\u00fablico mais carente e realizamos a entrega dos mantimentos com sucesso. Agora, pretendemos realizar outras campanhas locais para continuar contribuindo\u201d, informou o Delegado Regional em Muria\u00e9, Alessandro Amaro da Matta.<\/p>\n<p>O Delegado Regional em Ub\u00e1 Diego Candian tamb\u00e9m refor\u00e7ou a mobiliza\u00e7\u00e3o da popula\u00e7\u00e3o local para o sucesso da campanha. \u201cEm Ub\u00e1, uma institui\u00e7\u00e3o que cuida de idosos recebeu os materiais, que ficaram muito gratos \u00e0 Pol\u00edcia Civil pelo bem que isso levou a eles\u201d. Apenas no 4o Departamento de Juiz de Fora, do qual Ub\u00e1 faz parte, foram mais de 420 litros de leite entregues.<\/p>\n<p>J\u00e1 no \u00e2mbito do 13\u00b0 Departamento de Pol\u00edcia Civil em Barbacena, foram arrecadadas pela Delegacia Regional em S\u00e3o Jo\u00e3o del Rei duas cestas b\u00e1sicas e<\/p>\n<p>11 caixas de leite com 12 unidades.<\/p>\n<p>A Delegada Valdete Abrantes Gavalas, que atua em Una\u00ed, ressalta, ainda, a aten\u00e7\u00e3o que a institui\u00e7\u00e3o considerou em um momento t\u00e3o delicado quanto ao de isolamento social provocado pela pandemia. \u201cNeste momento, em que ficar em casa \u00e9 uma necessidade para muitos, para a Pol\u00edcia Civil ir at\u00e9 essas pessoas foi um momento de reconstru\u00e7\u00e3o da esperan\u00e7a e da f\u00e9 de que tudo vai passar\u201d, disse. Em Una\u00ed, cerca de 40 fam\u00edlias carentes foram contempladas com os donativos. \u201cEssas fam\u00edlias nos retribu\u00edram com muita gratid\u00e3o e muitas ben\u00e7\u00e3os\u201d, completou a Delegada.<\/p>\n<p>Em muitos munic\u00edpios do interior, a Campanha foi um enorme sucesso. Na cidade de Ituiutaba, no Tri\u00e2ngulo Mineiro, por exemplo, a PCMG arrecadou cerca de 300 mantimentos, que foram entregues \u00e0 Sociedade de S\u00e3o Vicente de Paulo.<\/p>\n<p>Em Sete Lagoas, foram arrecadados cerca de 60 litros do alimento, doados ao asilo Vila Vicentina. O Chefe do 19\u00ba Departamento de Pol\u00edcia Civil, Delegado-Geral Renato Nunes Henriques, observa o car\u00e1ter sens\u00edvel da campanha. \u201cEssa a\u00e7\u00e3o \u00e9 significativa porque demonstra o lado humano dos nossos policiais, que n\u00e3o desperdi\u00e7aram a rica oportunidade de poder colaborar em um momento t\u00e3o delicado\u201d, disse Henriques.<\/p>\n<p>O Delegado acrescentou, ainda, a chance que a Institui\u00e7\u00e3o tem de promover a aproxima\u00e7\u00e3o entre a comunidade local e a Pol\u00edcia Civil. \u201cTivemos a chance de mostrar que a n\u00f3s n\u00e3o cabe apenas reprimir a criminalidade, mas tamb\u00e9m ajudar os mais necessitados\u201d, finalizou.<\/p>\n<p>A Campanha Distribua Amor iniciou no dia 29 de abril e encerrou no dia 28 de maio. Durante esse per\u00edodo, as delegacias receberam as doa\u00e7\u00f5es realizadas pela comunidade local.<\/p>\n<p><strong>Fonte:\u00a0<\/strong>PCMG<\/p>\n","protected":false},"excerpt":{"rendered":"<p>Nos \u00faltimos dois meses, a Pol\u00edcia Civil de Minas Gerais (PCMG), com o objetivo de levar solidariedade \u00e0s popula\u00e7\u00f5es mais carentes do estado, se engajou ativamente na Campanha Distribua Amor, do Tribunal Regional Eleitoral de Minas Gerais (TRE\/MG). Ao todo, foram doados mais de mil litros de leite, que foram entregues na capital e interior [&hellip;]<\/p>\n","protected":false},"author":96,"featured_media":162480,"comment_status":"closed","ping_status":"closed","sticky":false,"template":"","format":"standard","meta":{"footnotes":""},"categories":[301,436,439],"tags":[],"class_list":["post-162479","post","type-post","status-publish","format-standard","has-post-thumbnail","hentry","category-artigos-policiais","category-destaque-da-semana","category-ultima-hora"],"_links":{"self":[{"href":"https:\/\/diarioregionaldigital.com.br\/index.php?rest_route=\/wp\/v2\/posts\/162479","targetHints":{"allow":["GET"]}}],"collection":[{"href":"https:\/\/diarioregionaldigital.com.br\/index.php?rest_route=\/wp\/v2\/posts"}],"about":[{"href":"https:\/\/diarioregionaldigital.com.br\/index.php?rest_route=\/wp\/v2\/types\/post"}],"author":[{"embeddable":true,"href":"https:\/\/diarioregionaldigital.com.br\/index.php?rest_route=\/wp\/v2\/users\/96"}],"replies":[{"embeddable":true,"href":"https:\/\/diarioregionaldigital.com.br\/index.php?rest_route=%2Fwp%2Fv2%2Fcomments&post=162479"}],"version-history":[{"count":0,"href":"https:\/\/diarioregionaldigital.com.br\/index.php?rest_route=\/wp\/v2\/posts\/162479\/revisions"}],"wp:featuredmedia":[{"embeddable":true,"href":"https:\/\/diarioregionaldigital.com.br\/index.php?rest_route=\/wp\/v2\/media\/162480"}],"wp:attachment":[{"href":"https:\/\/diarioregionaldigital.com.br\/index.php?rest_route=%2Fwp%2Fv2%2Fmedia&parent=162479"}],"wp:term":[{"taxonomy":"category","embeddable":true,"href":"https:\/\/diarioregionaldigital.com.br\/index.php?rest_route=%2Fwp%2Fv2%2Fcategories&post=162479"},{"taxonomy":"post_tag","embeddable":true,"href":"https:\/\/diarioregionaldigital.com.br\/index.php?rest_route=%2Fwp%2Fv2%2Ftags&post=162479"}],"curies":[{"name":"wp","href":"https:\/\/api.w.org\/{rel}","templated":true}]}}