{"id":162475,"date":"2020-06-17T18:37:58","date_gmt":"2020-06-17T21:37:58","guid":{"rendered":"https:\/\/diarioregionaldigital.com.br\/?p=162475"},"modified":"2020-06-17T18:37:58","modified_gmt":"2020-06-17T21:37:58","slug":"boletim-covid-19-juiz-de-fora-ultrapassa-mil-casos-confirmados-de-coronavirus","status":"publish","type":"post","link":"https:\/\/diarioregionaldigital.com.br\/?p=162475","title":{"rendered":"Boletim Covid-19 &#8211; Juiz de Fora ultrapassa mil casos confirmados de coronav\u00edrus"},"content":{"rendered":"<p>Nesta quarta-feira, 17, a Secretaria de Sa\u00fade (SS) da Prefeitura de Juiz de Fora (PJF) confirmou mais 57 casos de pessoas infectadas pelo novo coronav\u00edrus no munic\u00edpio, totalizando 1.013 confirmados. Nenhuma morte foi registrada nesta quarta.\u00a0<b>Todos os dados s\u00e3o referentes a moradores de Juiz de Fora.<\/b><\/p>\n<p>Com as atualiza\u00e7\u00f5es, 145 novas suspeitas foram registradas, contabilizando 6.166. Dois \u00f3bitos est\u00e3o sendo investigados.<\/p>\n<p><b>Boletim desta quarta, 17<\/b><\/p>\n<p>&#8211; 6.166 suspeitos<br \/>\n&#8211; 1.013 confirmados<br \/>\n&#8211; 43 \u00f3bitos confirmados<br \/>\n&#8211; 2 \u00f3bitos em investiga\u00e7\u00e3o<\/p>\n<p><strong>Fonte:\u00a0<\/strong>Assessoria<\/p>\n","protected":false},"excerpt":{"rendered":"<p>Nesta quarta-feira, 17, a Secretaria de Sa\u00fade (SS) da Prefeitura de Juiz de Fora (PJF) confirmou mais 57 casos de pessoas infectadas pelo novo coronav\u00edrus no munic\u00edpio, totalizando 1.013 confirmados. Nenhuma morte foi registrada nesta quarta.\u00a0Todos os dados s\u00e3o referentes a moradores de Juiz de Fora. Com as atualiza\u00e7\u00f5es, 145 novas suspeitas foram registradas, contabilizando [&hellip;]<\/p>\n","protected":false},"author":96,"featured_media":162476,"comment_status":"closed","ping_status":"closed","sticky":false,"template":"","format":"standard","meta":{"footnotes":""},"categories":[253,436,440,439],"tags":[],"class_list":["post-162475","post","type-post","status-publish","format-standard","has-post-thumbnail","hentry","category-cidade","category-destaque-da-semana","category-destaques-do-dia","category-ultima-hora"],"_links":{"self":[{"href":"https:\/\/diarioregionaldigital.com.br\/index.php?rest_route=\/wp\/v2\/posts\/162475","targetHints":{"allow":["GET"]}}],"collection":[{"href":"https:\/\/diarioregionaldigital.com.br\/index.php?rest_route=\/wp\/v2\/posts"}],"about":[{"href":"https:\/\/diarioregionaldigital.com.br\/index.php?rest_route=\/wp\/v2\/types\/post"}],"author":[{"embeddable":true,"href":"https:\/\/diarioregionaldigital.com.br\/index.php?rest_route=\/wp\/v2\/users\/96"}],"replies":[{"embeddable":true,"href":"https:\/\/diarioregionaldigital.com.br\/index.php?rest_route=%2Fwp%2Fv2%2Fcomments&post=162475"}],"version-history":[{"count":0,"href":"https:\/\/diarioregionaldigital.com.br\/index.php?rest_route=\/wp\/v2\/posts\/162475\/revisions"}],"wp:featuredmedia":[{"embeddable":true,"href":"https:\/\/diarioregionaldigital.com.br\/index.php?rest_route=\/wp\/v2\/media\/162476"}],"wp:attachment":[{"href":"https:\/\/diarioregionaldigital.com.br\/index.php?rest_route=%2Fwp%2Fv2%2Fmedia&parent=162475"}],"wp:term":[{"taxonomy":"category","embeddable":true,"href":"https:\/\/diarioregionaldigital.com.br\/index.php?rest_route=%2Fwp%2Fv2%2Fcategories&post=162475"},{"taxonomy":"post_tag","embeddable":true,"href":"https:\/\/diarioregionaldigital.com.br\/index.php?rest_route=%2Fwp%2Fv2%2Ftags&post=162475"}],"curies":[{"name":"wp","href":"https:\/\/api.w.org\/{rel}","templated":true}]}}