{"id":162472,"date":"2020-06-17T18:00:50","date_gmt":"2020-06-17T21:00:50","guid":{"rendered":"https:\/\/diarioregionaldigital.com.br\/?p=162472"},"modified":"2020-06-17T18:00:50","modified_gmt":"2020-06-17T21:00:50","slug":"governo-de-minas-anuncia-criacao-de-mais-23-leitos-de-uti-em-belo-horizonte","status":"publish","type":"post","link":"https:\/\/diarioregionaldigital.com.br\/?p=162472","title":{"rendered":"Governo de Minas anuncia cria\u00e7\u00e3o de mais 23 leitos de UTI em Belo Horizonte"},"content":{"rendered":"<p>O\u00a0secret\u00e1rio-geral do Estado, Mateus Sim\u00f5es, anunciou, durante coletiva de imprensa virtual nesta quarta-feira (17\/6), na Cidade Administrativa, que o sistema de sa\u00fade da capital ganhar\u00e1 mais 23 leitos de UTI. A expans\u00e3o ser\u00e1 feita no Hospital Julia Kubitscheck, da\u00a0Funda\u00e7\u00e3o Hospitalar do Estado de Minas Gerais (Fhemig), em parceria com a\u00a0Pol\u00edcia Militar do Estado de Minas Gerais (PMMG).<\/p>\n<p>Durante seu pronunciamento, o secret\u00e1rio chamou aten\u00e7\u00e3o para o empenho do governo para equipar e ampliar os leitos. \u201cO Estado tem conseguido, com muito esfor\u00e7o, garantir condi\u00e7\u00e3o de assist\u00eancia em todo o seu territ\u00f3rio. Tivemos uma expans\u00e3o de cerca de 1 mil leitos de alta complexidade credenciados no SUS, adquirimos e consertamos 1,5 mil respiradores. Al\u00e9m disso, ontem o governador anunciou mais 500 respiradores e 79 leitos de UTI no interior\u201d, enfatizou.<\/p>\n<p>\u201c\u00c9 para isso que a Rede Fhemig tem se dedicado ao longo de semanas, meses, inclusive com a expans\u00e3o de leitos cl\u00ednicos no Hospital Galba Veloso, na capital. E o nosso Hospital de Campanha poder\u00e1 ser acionado a qualquer momento em que haja a satura\u00e7\u00e3o dos leitos cl\u00ednicos em Belo Horizonte\u201d, adiantou.<\/p>\n<p><strong>Alerta<\/strong><\/p>\n<p>No entanto, Mateus Sim\u00f5es afirmou que, nos \u00faltimos dias, foi observada uma deteriora\u00e7\u00e3o do quadro de cont\u00e1gio da Regi\u00e3o Metropolitana de Belo Horizonte (RMBH), o que causa uma preocupa\u00e7\u00e3o no\u00a0Governo de Minas. A capital e as cidades da RMBH s\u00e3o as que apresentam os maiores \u00edndices de cont\u00e1gio.<\/p>\n<p>\u201cNas \u00faltimas semanas a curva se agravou ap\u00f3s decis\u00f5es de reabertura divorciadas dos protocolos do\u00a0Plano Minas Consciente\u00a0adotadas na capital e no seu entorno. Insisto que os prefeitos observem que temos um protocolo de qualidade e seguran\u00e7a para garantir que as pessoas que estiverem em circula\u00e7\u00e3o estejam dentro de crit\u00e9rio sanit\u00e1rios que n\u00e3o exponham as outras pessoas ao risco. A abertura dos shoppings populares h\u00e1 15 dias j\u00e1 est\u00e1 cobrando seu pre\u00e7o\u201d, observou.<\/p>\n<p>O secret\u00e1rio lembrou que foram prometidos, inicialmente, por meio de um compromisso assumido pela Prefeitura de Belo Horizonte (PBH) publicamente, a expans\u00e3o de mais de 1 mil leitos.<\/p>\n<p>\u201cNada disso foi efetivamente implantado. Da previs\u00e3o inicial de expans\u00e3o de UTIs n\u00f3s contamos com um pouco mais de 25% da expans\u00e3o que havia sido comprometida pela PBH\u201d, recordou.<\/p>\n<p><strong>Di\u00e1logo<\/strong><\/p>\n<p>De acordo com Mateus Sim\u00f5es, vem crescendo nos \u00faltimos dias um questionamento sobre a velocidade de abertura do Hospital de Campanha. \u201cIsso demonstra uma inseguran\u00e7a por parte das autoridades municipais sobre a capacidade de atendimento na RMBH fornecida pelos munic\u00edpios. O Estado n\u00e3o vai virar as costas para esse problema, ao contr\u00e1rio\u201d, afirmou.<\/p>\n<p>Entretanto, o secret\u00e1rio solicitou que as autoridades municipais se manifestem sobre as dificuldades que est\u00e3o enfrentando, para que o Estado possa ajudar BH e o entorno como tem ajudado o interior.<\/p>\n<p>\u201cFalta medica\u00e7\u00e3o? \u00c9 preciso que a gente seja informado para tentar buscar uma solu\u00e7\u00e3o para aliviar os hospitais. Faltam respiradores? Que nos seja alertado, porque n\u00f3s temos fornecido respiradores para a expans\u00e3o da capacidade de atendimento em toda Minas Gerais, inclusive em Belo Horizonte, para os hospitais da Rede Fhemig e tamb\u00e9m filantr\u00f3picos conveniados\u201d.<\/p>\n<p>Para Sim\u00f5es, \u00e9 muito importante, neste momento, que a postura seja colaborativa. \u201cA minha presen\u00e7a aqui hoje \u00e9 para ressaltar a plena disposi\u00e7\u00e3o e disponibilidade do Estado de Minas Gerais de continuar acompanhando as necessidades municipais. De continuar o nosso papel de protagonismo de condu\u00e7\u00e3o da expans\u00e3o da capacidade de assist\u00eancia \u00e0 Sa\u00fade no Estado\u201d, explicou.<\/p>\n<p><strong>Fonte:\u00a0<\/strong>Ag\u00eancia Minas<\/p>\n","protected":false},"excerpt":{"rendered":"<p>O\u00a0secret\u00e1rio-geral do Estado, Mateus Sim\u00f5es, anunciou, durante coletiva de imprensa virtual nesta quarta-feira (17\/6), na Cidade Administrativa, que o sistema de sa\u00fade da capital ganhar\u00e1 mais 23 leitos de UTI. A expans\u00e3o ser\u00e1 feita no Hospital Julia Kubitscheck, da\u00a0Funda\u00e7\u00e3o Hospitalar do Estado de Minas Gerais (Fhemig), em parceria com a\u00a0Pol\u00edcia Militar do Estado de Minas [&hellip;]<\/p>\n","protected":false},"author":96,"featured_media":162473,"comment_status":"closed","ping_status":"closed","sticky":false,"template":"","format":"standard","meta":{"footnotes":""},"categories":[436,254,439],"tags":[],"class_list":["post-162472","post","type-post","status-publish","format-standard","has-post-thumbnail","hentry","category-destaque-da-semana","category-politica","category-ultima-hora"],"_links":{"self":[{"href":"https:\/\/diarioregionaldigital.com.br\/index.php?rest_route=\/wp\/v2\/posts\/162472","targetHints":{"allow":["GET"]}}],"collection":[{"href":"https:\/\/diarioregionaldigital.com.br\/index.php?rest_route=\/wp\/v2\/posts"}],"about":[{"href":"https:\/\/diarioregionaldigital.com.br\/index.php?rest_route=\/wp\/v2\/types\/post"}],"author":[{"embeddable":true,"href":"https:\/\/diarioregionaldigital.com.br\/index.php?rest_route=\/wp\/v2\/users\/96"}],"replies":[{"embeddable":true,"href":"https:\/\/diarioregionaldigital.com.br\/index.php?rest_route=%2Fwp%2Fv2%2Fcomments&post=162472"}],"version-history":[{"count":0,"href":"https:\/\/diarioregionaldigital.com.br\/index.php?rest_route=\/wp\/v2\/posts\/162472\/revisions"}],"wp:featuredmedia":[{"embeddable":true,"href":"https:\/\/diarioregionaldigital.com.br\/index.php?rest_route=\/wp\/v2\/media\/162473"}],"wp:attachment":[{"href":"https:\/\/diarioregionaldigital.com.br\/index.php?rest_route=%2Fwp%2Fv2%2Fmedia&parent=162472"}],"wp:term":[{"taxonomy":"category","embeddable":true,"href":"https:\/\/diarioregionaldigital.com.br\/index.php?rest_route=%2Fwp%2Fv2%2Fcategories&post=162472"},{"taxonomy":"post_tag","embeddable":true,"href":"https:\/\/diarioregionaldigital.com.br\/index.php?rest_route=%2Fwp%2Fv2%2Ftags&post=162472"}],"curies":[{"name":"wp","href":"https:\/\/api.w.org\/{rel}","templated":true}]}}