{"id":162469,"date":"2020-06-17T17:57:14","date_gmt":"2020-06-17T20:57:14","guid":{"rendered":"https:\/\/diarioregionaldigital.com.br\/?p=162469"},"modified":"2020-06-17T17:57:14","modified_gmt":"2020-06-17T20:57:14","slug":"feira-livre-do-bairro-sao-mateus-e-fiscalizada-pelo-comboio-de-prevencao-ao-coronavirus","status":"publish","type":"post","link":"https:\/\/diarioregionaldigital.com.br\/?p=162469","title":{"rendered":"Feira livre do Bairro S\u00e3o Mateus \u00e9 fiscalizada pelo comboio de preven\u00e7\u00e3o ao Coronav\u00edrus"},"content":{"rendered":"<p>O comboio de combate e preven\u00e7\u00e3o ao Coronav\u00edrus, formado pelo Corpo de Bombeiros Militar, as secretarias de Sa\u00fade (SS), de Transporte e Tr\u00e2nsito (Settra), de Meio Ambiente e Ordenamento Urbano (Semaur) e de Seguran\u00e7a Urbana e Cidadania (Sesuc) e a Ag\u00eancia de Prote\u00e7\u00e3o e Defesa do Consumidor (Procon).esteve presente na manh\u00e3 dessa quarta-feira (17), na feira livre do Bairro S\u00e3o Mateus (Regi\u00e3o Central) de Juiz de Fora, com o objetivo de dar prosseguimento sobre conscientiza\u00e7\u00e3o do combate ao Coronav\u00edrus.<\/p>\n<p>Antes de desembarcarem para abordagem a feirantes e consumidores no local, os \u00f3rg\u00e3os envolvidos percorreram as principais ruas do bairro, com emiss\u00e3o de mensagem sonora de alerta \u00e0 popula\u00e7\u00e3o sobre os cuidados para evitar a prolifera\u00e7\u00e3o da covid-19 na cidade.<\/p>\n<p>Al\u00e9m das regras relativas ao com\u00e9rcio nas feiras livres, o principal foco da atua\u00e7\u00e3o foi o uso de m\u00e1scaras. Mesmo com boa quantidade de pessoas presentes no local, o acess\u00f3rio de prote\u00e7\u00e3o era usado pela maioria delas, n\u00e3o tendo sido feita notifica\u00e7\u00e3o referente a este aspecto. A obrigatoriedade da prote\u00e7\u00e3o tamb\u00e9m foi conferida dentro do transporte p\u00fablico e nos t\u00e1xis.<\/p>\n<p>Os agentes de transporte e tr\u00e2nsito, pararam os \u00f4nibus que circulam na regi\u00e3o e realizaram inspe\u00e7\u00f5es dentro dos ve\u00edculos. Os passageiros, motoristas e cobradores foram conscientizados sobre a import\u00e2ncia do uso correto da m\u00e1scara e todos receberam folhetos instrutivos.<\/p>\n<p>De acordo com o Decreto Municipal 13.975, de 12 de junho passado, as feiras livres que acontecem na Avenida Brasil, aos domingos, e na Pra\u00e7a Ant\u00f4nio Carlos, \u00e0s quartas-feiras, \u00e0 noite, continuam suspensas por tempo indeterminado. J\u00e1 as feiras realizadas nos bairros seguem em funcionamento, com regras espec\u00edficas. N\u00e3o \u00e9 permitida, por exemplo, a comercializa\u00e7\u00e3o de alimentos para consumo no local, como past\u00e9is, bebidas e lanches. A medida busca evitar aglomera\u00e7\u00e3o.<\/p>\n<p>&nbsp;<\/p>\n","protected":false},"excerpt":{"rendered":"<p>O comboio de combate e preven\u00e7\u00e3o ao Coronav\u00edrus, formado pelo Corpo de Bombeiros Militar, as secretarias de Sa\u00fade (SS), de Transporte e Tr\u00e2nsito (Settra), de Meio Ambiente e Ordenamento Urbano (Semaur) e de Seguran\u00e7a Urbana e Cidadania (Sesuc) e a Ag\u00eancia de Prote\u00e7\u00e3o e Defesa do Consumidor (Procon).esteve presente na manh\u00e3 dessa quarta-feira (17), na [&hellip;]<\/p>\n","protected":false},"author":96,"featured_media":162470,"comment_status":"closed","ping_status":"closed","sticky":false,"template":"","format":"standard","meta":{"footnotes":""},"categories":[253,436,439],"tags":[],"class_list":["post-162469","post","type-post","status-publish","format-standard","has-post-thumbnail","hentry","category-cidade","category-destaque-da-semana","category-ultima-hora"],"_links":{"self":[{"href":"https:\/\/diarioregionaldigital.com.br\/index.php?rest_route=\/wp\/v2\/posts\/162469","targetHints":{"allow":["GET"]}}],"collection":[{"href":"https:\/\/diarioregionaldigital.com.br\/index.php?rest_route=\/wp\/v2\/posts"}],"about":[{"href":"https:\/\/diarioregionaldigital.com.br\/index.php?rest_route=\/wp\/v2\/types\/post"}],"author":[{"embeddable":true,"href":"https:\/\/diarioregionaldigital.com.br\/index.php?rest_route=\/wp\/v2\/users\/96"}],"replies":[{"embeddable":true,"href":"https:\/\/diarioregionaldigital.com.br\/index.php?rest_route=%2Fwp%2Fv2%2Fcomments&post=162469"}],"version-history":[{"count":0,"href":"https:\/\/diarioregionaldigital.com.br\/index.php?rest_route=\/wp\/v2\/posts\/162469\/revisions"}],"wp:featuredmedia":[{"embeddable":true,"href":"https:\/\/diarioregionaldigital.com.br\/index.php?rest_route=\/wp\/v2\/media\/162470"}],"wp:attachment":[{"href":"https:\/\/diarioregionaldigital.com.br\/index.php?rest_route=%2Fwp%2Fv2%2Fmedia&parent=162469"}],"wp:term":[{"taxonomy":"category","embeddable":true,"href":"https:\/\/diarioregionaldigital.com.br\/index.php?rest_route=%2Fwp%2Fv2%2Fcategories&post=162469"},{"taxonomy":"post_tag","embeddable":true,"href":"https:\/\/diarioregionaldigital.com.br\/index.php?rest_route=%2Fwp%2Fv2%2Ftags&post=162469"}],"curies":[{"name":"wp","href":"https:\/\/api.w.org\/{rel}","templated":true}]}}