{"id":162464,"date":"2020-06-17T17:05:41","date_gmt":"2020-06-17T20:05:41","guid":{"rendered":"https:\/\/diarioregionaldigital.com.br\/?p=162464"},"modified":"2020-06-17T17:05:41","modified_gmt":"2020-06-17T20:05:41","slug":"fmf-se-reune-com-secretario-de-saude-de-mg-e-define-possivel-retorno-do-campeonato-mineiro","status":"publish","type":"post","link":"https:\/\/diarioregionaldigital.com.br\/?p=162464","title":{"rendered":"FMF se re\u00fane com Secret\u00e1rio de Sa\u00fade de MG e define poss\u00edvel retorno do Campeonato Mineiro"},"content":{"rendered":"<p><span style=\"font-weight: 400;\">O presidente da Federa\u00e7\u00e3o Mineira de Futebol (FMF), Adriano Aro, se reuniu nessa quarta-feira (17), com o Secret\u00e1rio de Sa\u00fade de Minas Gerais, Carlos Eduardo, <\/span><span style=\"font-weight: 400;\">o Centro de Opera\u00e7\u00f5es de Emerg\u00eancia em Sa\u00fade de Minas Gerais (COES-MG) e representantes dos departamentos m\u00e9dicos de Atl\u00e9tico, Am\u00e9rica e Cruzeiro.<\/span><span style=\"font-weight: 400;\"> para definir o retorno do Campeonato Mineiro.<\/span><\/p>\n<p><span style=\"font-weight: 400;\">O mandat\u00e1rio do futebol mineiro diz que foi apresentado uma proposta e ela foi aceita pela Secretaria de Sa\u00fade (SES-MG). No entanto a secretaria diz que h\u00e1 previs\u00e3o de pico do Covid-19 para a primeira quinzena de julho.\u00a0<\/span><\/p>\n<p><span style=\"font-weight: 400;\">Quanto \u00e0s propostas apresentadas, o presidente Adriano Aro, diz que o \u00f3rg\u00e3o se prontificou a analisar as propostas e fala sobre uma poss\u00edvel data para retomada dos jogos:<\/span><\/p>\n<p><span style=\"font-weight: 400;\">\u201cNo cen\u00e1rio otimista, caso tudo se realize e caso essa proposta evolua, com as considera\u00e7\u00f5es que ser\u00e3o apresentadas pelo COES, acreditamos que a partir de 26 de julho de 2020, possamos ter a marca\u00e7\u00e3o de jogos oficiais e talvez concluir nosso campeonato.\u201d<\/span><\/p>\n<p><span style=\"font-weight: 400;\">Em decorr\u00eancia da pandemia do Coronav\u00edrus, o Campeonato Mineiro est\u00e1 paralisado desde mar\u00e7o. Na classifica\u00e7\u00e3o do campeonato, o Am\u00e9rica lidera com 21 pontos, Tombense \u00e9 o segundo com 20, Atl\u00e9tico \u00e9 o terceiro com 18 e a Caldense est\u00e1 em quarto com 17 pontos. O Tupynamb\u00e1s \u00e9 o lanterna com apenas 3 pontos conquistados em 9 jogos. <\/span><\/p>\n","protected":false},"excerpt":{"rendered":"<p>O presidente da Federa\u00e7\u00e3o Mineira de Futebol (FMF), Adriano Aro, se reuniu nessa quarta-feira (17), com o Secret\u00e1rio de Sa\u00fade de Minas Gerais, Carlos Eduardo, o Centro de Opera\u00e7\u00f5es de Emerg\u00eancia em Sa\u00fade de Minas Gerais (COES-MG) e representantes dos departamentos m\u00e9dicos de Atl\u00e9tico, Am\u00e9rica e Cruzeiro. para definir o retorno do Campeonato Mineiro. O [&hellip;]<\/p>\n","protected":false},"author":96,"featured_media":155195,"comment_status":"closed","ping_status":"closed","sticky":false,"template":"","format":"standard","meta":{"footnotes":""},"categories":[436,257,439],"tags":[],"class_list":["post-162464","post","type-post","status-publish","format-standard","has-post-thumbnail","hentry","category-destaque-da-semana","category-esporte","category-ultima-hora"],"_links":{"self":[{"href":"https:\/\/diarioregionaldigital.com.br\/index.php?rest_route=\/wp\/v2\/posts\/162464","targetHints":{"allow":["GET"]}}],"collection":[{"href":"https:\/\/diarioregionaldigital.com.br\/index.php?rest_route=\/wp\/v2\/posts"}],"about":[{"href":"https:\/\/diarioregionaldigital.com.br\/index.php?rest_route=\/wp\/v2\/types\/post"}],"author":[{"embeddable":true,"href":"https:\/\/diarioregionaldigital.com.br\/index.php?rest_route=\/wp\/v2\/users\/96"}],"replies":[{"embeddable":true,"href":"https:\/\/diarioregionaldigital.com.br\/index.php?rest_route=%2Fwp%2Fv2%2Fcomments&post=162464"}],"version-history":[{"count":0,"href":"https:\/\/diarioregionaldigital.com.br\/index.php?rest_route=\/wp\/v2\/posts\/162464\/revisions"}],"wp:featuredmedia":[{"embeddable":true,"href":"https:\/\/diarioregionaldigital.com.br\/index.php?rest_route=\/wp\/v2\/media\/155195"}],"wp:attachment":[{"href":"https:\/\/diarioregionaldigital.com.br\/index.php?rest_route=%2Fwp%2Fv2%2Fmedia&parent=162464"}],"wp:term":[{"taxonomy":"category","embeddable":true,"href":"https:\/\/diarioregionaldigital.com.br\/index.php?rest_route=%2Fwp%2Fv2%2Fcategories&post=162464"},{"taxonomy":"post_tag","embeddable":true,"href":"https:\/\/diarioregionaldigital.com.br\/index.php?rest_route=%2Fwp%2Fv2%2Ftags&post=162464"}],"curies":[{"name":"wp","href":"https:\/\/api.w.org\/{rel}","templated":true}]}}