{"id":162461,"date":"2020-06-17T16:48:02","date_gmt":"2020-06-17T19:48:02","guid":{"rendered":"https:\/\/diarioregionaldigital.com.br\/?p=162461"},"modified":"2020-06-17T16:48:02","modified_gmt":"2020-06-17T19:48:02","slug":"meia-robinho-aciona-cruzeiro-na-justica","status":"publish","type":"post","link":"https:\/\/diarioregionaldigital.com.br\/?p=162461","title":{"rendered":"Meia Robinho aciona Cruzeiro na Justi\u00e7a"},"content":{"rendered":"<p><span style=\"font-weight: 400;\">Duas semanas ap\u00f3s ter seu contrato rescindido com o Cruzeiro, o meia Robinho acionou o clube da capital mineira, pedindo declara\u00e7\u00e3o e reconhecimento da rescis\u00e3o de contrato. O atleta saiu do clube no \u00faltimo dia 5 desse m\u00eas, junto com o lateral-direito Edilson.<\/span><\/p>\n<p><span style=\"font-weight: 400;\">O objetivo de Robinho \u00e9 ser liberado para que possa atuar em outro clube. Como o Cruzeiro passa por uma crise financeira, o presidente S\u00e9rgio Santos Rodrigues decidiu encerrar o v\u00ednculo com Robinho. No entanto, <\/span><span style=\"font-weight: 400;\">\u00a0conforme a peti\u00e7\u00e3o, a tal rescis\u00e3o ainda n\u00e3o foi formalizada:<\/span><\/p>\n<p><span style=\"font-weight: 400;\">\u201cPor aspectos financeiros, de forma unilateral, rescindiu o contrato de trabalho do Autor em 05\/06\/2020, tendo, inclusive, tornado p\u00fablica a rescis\u00e3o no seu site oficial. Ocorre, no entanto, que embora o contrato de trabalho do Autor tenha sido rescindido, at\u00e9 a presente data a rescis\u00e3o n\u00e3o foi formalizada, provavelmente em raz\u00e3o da delicada situa\u00e7\u00e3o financeira do Clube (para n\u00e3o se pagar as verbas rescis\u00f3rias), o que impede o Autor de firmar novo contrato de trabalho, bem como impede que o Autor obtenha novo emprego para a sua manuten\u00e7\u00e3o e da sua fam\u00edlia.\u201d<\/span><\/p>\n<p><span style=\"font-weight: 400;\">Robinho chegou ao Cruzeiro em 2016, ap\u00f3s uma troca envolvendo a ida do atacante Willian para o Palmeiras. Em 2017, o clube mineiro rescindiu com o Bigode, mas acertou a amplia\u00e7\u00e3o do empr\u00e9stimo de Robinho at\u00e9 o fim de 2019, mesma data em que terminaria o v\u00ednculo do meia com os paulistas.<\/span><\/p>\n<p><span style=\"font-weight: 400;\">No dia 10 de julho de 2019, o Cruzeiro renovou contrato com Robinho at\u00e9 dezembro de 2021. Segundo os autos do processo, quando houve o encerramento do v\u00ednculo v\u00e1lido at\u00e9 o fim do ano passado, o clube celeste tinha uma d\u00edvida de R$ 2.169.792,10 com o jogador.<\/span><\/p>\n","protected":false},"excerpt":{"rendered":"<p>Duas semanas ap\u00f3s ter seu contrato rescindido com o Cruzeiro, o meia Robinho acionou o clube da capital mineira, pedindo declara\u00e7\u00e3o e reconhecimento da rescis\u00e3o de contrato. O atleta saiu do clube no \u00faltimo dia 5 desse m\u00eas, junto com o lateral-direito Edilson. O objetivo de Robinho \u00e9 ser liberado para que possa atuar em [&hellip;]<\/p>\n","protected":false},"author":96,"featured_media":162462,"comment_status":"closed","ping_status":"closed","sticky":false,"template":"","format":"standard","meta":{"footnotes":""},"categories":[436,257,439],"tags":[],"class_list":["post-162461","post","type-post","status-publish","format-standard","has-post-thumbnail","hentry","category-destaque-da-semana","category-esporte","category-ultima-hora"],"_links":{"self":[{"href":"https:\/\/diarioregionaldigital.com.br\/index.php?rest_route=\/wp\/v2\/posts\/162461","targetHints":{"allow":["GET"]}}],"collection":[{"href":"https:\/\/diarioregionaldigital.com.br\/index.php?rest_route=\/wp\/v2\/posts"}],"about":[{"href":"https:\/\/diarioregionaldigital.com.br\/index.php?rest_route=\/wp\/v2\/types\/post"}],"author":[{"embeddable":true,"href":"https:\/\/diarioregionaldigital.com.br\/index.php?rest_route=\/wp\/v2\/users\/96"}],"replies":[{"embeddable":true,"href":"https:\/\/diarioregionaldigital.com.br\/index.php?rest_route=%2Fwp%2Fv2%2Fcomments&post=162461"}],"version-history":[{"count":0,"href":"https:\/\/diarioregionaldigital.com.br\/index.php?rest_route=\/wp\/v2\/posts\/162461\/revisions"}],"wp:featuredmedia":[{"embeddable":true,"href":"https:\/\/diarioregionaldigital.com.br\/index.php?rest_route=\/wp\/v2\/media\/162462"}],"wp:attachment":[{"href":"https:\/\/diarioregionaldigital.com.br\/index.php?rest_route=%2Fwp%2Fv2%2Fmedia&parent=162461"}],"wp:term":[{"taxonomy":"category","embeddable":true,"href":"https:\/\/diarioregionaldigital.com.br\/index.php?rest_route=%2Fwp%2Fv2%2Fcategories&post=162461"},{"taxonomy":"post_tag","embeddable":true,"href":"https:\/\/diarioregionaldigital.com.br\/index.php?rest_route=%2Fwp%2Fv2%2Ftags&post=162461"}],"curies":[{"name":"wp","href":"https:\/\/api.w.org\/{rel}","templated":true}]}}