{"id":162458,"date":"2020-06-17T16:26:27","date_gmt":"2020-06-17T19:26:27","guid":{"rendered":"https:\/\/diarioregionaldigital.com.br\/?p=162458"},"modified":"2020-06-17T16:26:27","modified_gmt":"2020-06-17T19:26:27","slug":"uefa-define-reta-final-das-competicoes-europeias","status":"publish","type":"post","link":"https:\/\/diarioregionaldigital.com.br\/?p=162458","title":{"rendered":"UEFA define reta final das competi\u00e7\u00f5es europeias"},"content":{"rendered":"<p><span style=\"font-weight: 400;\">Em reuni\u00e3o realizada nessa quarta-feira (17) em Nyon na Su\u00ed\u00e7a, pelo comit\u00ea-executivo da UEFA, foram definidas as datas de realiza\u00e7\u00e3o dos jogos restantes da Liga dos Campe\u00f5es, Liga Europa, Liga dos Campe\u00f5es de Futebol Feminino, Eurocopa, Eliminat\u00f3rias da Copa do Mundo 2022, Liga das Na\u00e7\u00f5es, Youth League e Supercopa, todos com port\u00f5es fechados. Todas as competi\u00e7\u00f5es foram paralisadas em mar\u00e7o, devido \u00e0 pandemia do Coronav\u00edrus.<\/span><\/p>\n<p><span style=\"font-weight: 400;\">\u00a0A come\u00e7ar pela principal competi\u00e7\u00e3o entre clubes do mundo, a reta final da Champions League ser\u00e1 em Lisboa, capital de Portugal. A entidade m\u00e1xima do futebol europeu determinou que os jogos a partir das quartas de final, ser\u00e3o em partida \u00fanica, ou seja, quem vencer avan\u00e7a at\u00e9 chegar a semifinal e final.\u00a0<\/span><\/p>\n<p><span style=\"font-weight: 400;\">Ser\u00e3o oito times na disputa e o Est\u00e1dio Jos\u00e9 Alvalade (casa do Sporting) e Est\u00e1dio da Luz (casa do Benfica), ser\u00e3o as sedes dos confrontos, em agosto. No caso do Est\u00e1dio da Luz, este ser\u00e1 palco da final, como vinha sendo noticiado pelos portais e ag\u00eancias de not\u00edcias na Europa. <\/span><span style=\"font-weight: 400;\">A capital portuguesa, que substitui Istambul, vai receber as partidas num intervalo de apenas 12 dias.\u00a0<\/span><\/p>\n<p><span style=\"font-weight: 400;\">A UEFA determinou tamb\u00e9m as datas dos confrontos. Todos ser\u00e3o realizados \u00e0s 16h00 (hor\u00e1rio de Bras\u00edlia):<\/span><\/p>\n<ul>\n<li style=\"font-weight: 400;\"><span style=\"font-weight: 400;\">Quartas de final: 12, 13, 14 e 15\/8<\/span><\/li>\n<li style=\"font-weight: 400;\"><span style=\"font-weight: 400;\">Semifinal: 18 e 19\/08<\/span><\/li>\n<li style=\"font-weight: 400;\"><span style=\"font-weight: 400;\">Final: 23\/8<\/span><\/li>\n<\/ul>\n<p><span style=\"font-weight: 400;\">No entanto, restam finalizar os confrontos restantes das oitavas de final, que ser\u00e3o realizados nos dias 7 e 8 de agosto:<\/span><\/p>\n<ul>\n<li style=\"font-weight: 400;\"><b>Manchester City x Real Madrid<\/b><span style=\"font-weight: 400;\"> (ida: 2 a 1 para o Manchester City)<\/span><\/li>\n<li style=\"font-weight: 400;\"><b>Bayern x Chelsea<\/b><span style=\"font-weight: 400;\"> (ida: 3 a 0 para o Bayern de Munique)<\/span><\/li>\n<\/ul>\n<ul>\n<li style=\"font-weight: 400;\"><b>Juventus x Lyon<\/b><span style=\"font-weight: 400;\"> (ida: 1 a 0 para o Lyon)<\/span><\/li>\n<li style=\"font-weight: 400;\"><b>Barcelona x Napoli<\/b><span style=\"font-weight: 400;\"> (ida: 1 a 1)<\/span><\/li>\n<\/ul>\n<p><span style=\"font-weight: 400;\">Durante a reuni\u00e3o, a UEFA determinou que Istambul, que receberia a final, ter\u00e1 a honraria de receber a grande decis\u00e3o da Champions League na temporada 2020\/2021. Inclusive a entidade definiu as sedes das pr\u00f3ximas decis\u00f5es: S\u00e3o Petersburgo em 2021\/22. Munique em 2022\/23 e Londres em 2023\/24.<\/span><\/p>\n<p><b>Sorteio das quartas de final em Lisboa<\/b><\/p>\n<p><span style=\"font-weight: 400;\">Os sorteios para os confrontos das quartas de final em Lisboa, ser\u00e3o no dia 10 de julho em Nyon na Su\u00ed\u00e7a. At\u00e9 o momento, est\u00e3o classificados Atalanta, RB Leipzig, Atl\u00e9tico de Madri e Paris Saint-Germain.<\/span><\/p>\n<p><b>Novas determina\u00e7\u00f5es no regulamento<\/b><\/p>\n<p><span style=\"font-weight: 400;\">Foi definido tamb\u00e9m que os times ter\u00e3o direito a cinco substitui\u00e7\u00f5es, norma j\u00e1 regularizada na International Board (IFAB). Al\u00e9m disso, a entidade definiu que as equipes poder\u00e3o registrar tr\u00eas novos jogadores em sua Lista A pelo restante da temporada 2019\/20, desde que esses jogadores j\u00e1 estejam registrados e qualificados para o clube desde o \u00faltimo prazo de inscri\u00e7\u00e3o (3 de fevereiro de 2020).<\/span><\/p>\n<p><span style=\"font-weight: 400;\">Esta lista poder\u00e1 contar com at\u00e9 no m\u00e1ximo 25 jogadores e n\u00e3o ser\u00e1 permitida inclus\u00e3o de jogadores rec\u00e9m-contratados.<\/span><\/p>\n<p><b>Defini\u00e7\u00e3o da Liga Europa<\/b><\/p>\n<p><span style=\"font-weight: 400;\">Como citado anteriormente no in\u00edcio da reportagem, a UEFA definiu tamb\u00e9m sobre a reta final da Liga Europa, segundo torneio mais importante organizado pela entidade. Ficou definido que a Alemanha ser\u00e1 o pa\u00eds-sede dos jogos das quartas de final, semifinal e final. Os duelos ser\u00e3o realizados em jogo \u00fanico entre os dias 10 e 21 de agosto.<\/span><\/p>\n<p><span style=\"font-weight: 400;\">A reta final ser\u00e1 nos mesmos moldes da Liga dos Campe\u00f5es, por\u00e9m, haver\u00e1 quatro sedes, todas na mesma regi\u00e3o da Alemanha: Duisburg, Gelsenkirchen, Frankfurt e Col\u00f4nia.\u00a0<\/span><\/p>\n<p><span style=\"font-weight: 400;\">A decis\u00e3o, que aconteceria em Gdansk, na Pol\u00f4nia, ser\u00e1 realizada em Col\u00f4nia. A cidade polonesa ser\u00e1 a sede da final da temporada 2020\/2021.\u00a0<\/span><\/p>\n<p><span style=\"font-weight: 400;\">Assim como a Champions League, ainda h\u00e1 jogos a serem realizados da fase de oitavas de final:<\/span><\/p>\n<ul>\n<li style=\"font-weight: 400;\"><span style=\"font-weight: 400;\">Manchester United x LASK Linz (ida: 5\u00d70 Manchester United);<\/span><\/li>\n<li style=\"font-weight: 400;\"><span style=\"font-weight: 400;\">Basel x Eintracht Frankfurt (ida: 3\u00d70 Basel);<\/span><\/li>\n<li style=\"font-weight: 400;\"><span style=\"font-weight: 400;\">Copenhaguen x Istanbul Basaksehir (ida: 1\u00d70 Istanbul);<\/span><\/li>\n<li style=\"font-weight: 400;\"><span style=\"font-weight: 400;\">Shakhtar Donetsk x Wolfsburg (ida: 2\u00d71 Shakhtar Donetsk);<\/span><\/li>\n<li style=\"font-weight: 400;\"><span style=\"font-weight: 400;\">Bayer Leverkusen x Rangers (ida: 3\u00d71\u00a0 Bayer Leverkusen);<\/span><\/li>\n<li style=\"font-weight: 400;\"><span style=\"font-weight: 400;\">Wolverhampton x Olympiacos (ida: 1\u00d71);<\/span><\/li>\n<li style=\"font-weight: 400;\"><span style=\"font-weight: 400;\">Inter de Mil\u00e3o x Getafe (primeiro jogo n\u00e3o realizado);<\/span><\/li>\n<li style=\"font-weight: 400;\"><span style=\"font-weight: 400;\">Roma x Sevilla (primeiro jogo n\u00e3o realizado);<\/span><\/li>\n<\/ul>\n<p><b>Liga dos Campe\u00f5es de Futebol Feminino<\/b><\/p>\n<p><span style=\"font-weight: 400;\">Todas as partidas restantes da competi\u00e7\u00e3o ser\u00e3o disputadas como um torneio de oitavas-de-final consecutivos no Est\u00e1dio San Mam\u00e9s, em Bilbao, e no Est\u00e1dio Anoeta, em San Sebasti\u00e1n, com quartas de final de 21 e 22 de agosto. As semifinais ser\u00e3o em 25 e 26 de agosto e a final em San Sebasti\u00e1n no dia 30 de agosto.<\/span><\/p>\n<p><span style=\"font-weight: 400;\">Tamb\u00e9m ser\u00e1 realizado um sorteio na UEFA, em Nyon, em 26 de junho, para determinar a ordem dos jogos e o cronograma final ser\u00e1 comunicado ap\u00f3s esse sorteio.<\/span><\/p>\n<p><span style=\"font-weight: 400;\">As finais da UEFA Women&#8217;s Champions League dos pr\u00f3ximos anos decorrer\u00e3o em Gotemburgo na Su\u00e9cia (2021), Turim na It\u00e1lia (2022) e Eindhoven na Holanda (2023), como previsto originalmente.<\/span><\/p>\n<p><span style=\"font-weight: 400;\">Calend\u00e1rio dos outros confrontos:<\/span><\/p>\n<p><b>Quartas de final (21 e 22 de agosto):<\/b><\/p>\n<p><span style=\"font-weight: 400;\">Atl\u00e9tico de Madrid x Barcelona<\/span><\/p>\n<p><span style=\"font-weight: 400;\">Lyon x Bayern de Munique<\/span><\/p>\n<p><span style=\"font-weight: 400;\">Glasgow City x Wolfsburg<\/span><\/p>\n<p><span style=\"font-weight: 400;\">Arsenal x Paris Saint-Germain<\/span><\/p>\n<p><b>Semifinais (25 e 26 agosto):<\/b><\/p>\n<p><span style=\"font-weight: 400;\">Arsenal\/Paris x Lyon\/Bayern<\/span><\/p>\n<p><span style=\"font-weight: 400;\">Glasgow\/Wolfsburg x Atl\u00e9tico\/Barcelona<\/span><\/p>\n<p><b>UEFA Youth League 2019\/20<\/b><\/p>\n<p><span style=\"font-weight: 400;\">Os pr\u00f3ximos confrontos ser\u00e3o disputados no dia 16 de agosto em Nyon, e um torneio final ser\u00e1 realizado no est\u00e1dio Colovray em Nyon entre 18 e 18 de agosto. e 25 de agosto de 2020.<\/span><\/p>\n<p><b>Eurocopa\u00a0<\/b><\/p>\n<p><span style=\"font-weight: 400;\">A UEFA determinou que as 12 sedes da Eurocopa foram mantidas. O torneio foi adiado para 2021 e os jogos ser\u00e3o realizados em: Wembley (Inglaterra), Munique (Alemanha), Roma (It\u00e1lia), Baku (Azerbaij\u00e3o), S\u00e3o Petersburgo (R\u00fassia), Bucareste (Rom\u00eania), Amsterd\u00e3 (Holanda), Dublin (Irlanda), Bilbao (Espanha), Budapeste (Hungria), Glasgow (Esc\u00f3cia) e Copenhague (Dinamarca).<\/span><\/p>\n<p><b>Eliminat\u00f3rias da Copa do Mundo 2022 e Liga das Na\u00e7\u00f5es<\/b><\/p>\n<p><span style=\"font-weight: 400;\">Os jogos para as Eliminat\u00f3rias da Copa do Mundo de 2022, edi\u00e7\u00e3o que ser\u00e1 no Catar, foram remarcados para entre outubro e novembro.\u00a0<\/span><\/p>\n<p><span style=\"font-weight: 400;\">Quanto aos confrontos da fase de grupos da Liga das Na\u00e7\u00f5es da UEFA 2020\/21 ser\u00e3o disputadas nas seguintes jornadas: 3\/4\/5 e 6\/7\/8 de setembro; 10\/11 e 13\/14 de outubro; 14\/15 e 17\/18 de novembro de 2020.<\/span><\/p>\n<p><span style=\"font-weight: 400;\">Foi determinado tamb\u00e9m que as partidas amistosas ser\u00e3o disputadas nos dias 7 e 8 de outubro e 11 e 12 de novembro.\u00a0<\/span><\/p>\n<p><b>Supercopa da UEFA<\/b><\/p>\n<p><span style=\"font-weight: 400;\">A competi\u00e7\u00e3o realizada em jogo \u00fanico entre o vencedor da Liga dos Campe\u00f5es e da Liga Europa, ser\u00e1 disputada na Pusk\u00e1s Ar\u00e9na em Budapeste na Hungria, no dia 24 de setembro.<\/span><\/p>\n<p><b>Calend\u00e1rio da Liga dos Campe\u00f5es 2020\/201<\/b><\/p>\n<ul>\n<li style=\"font-weight: 400;\"><span style=\"font-weight: 400;\">Fase preliminar: 8 e 11 de agosto<\/span><\/li>\n<li style=\"font-weight: 400;\"><span style=\"font-weight: 400;\">Primeira pr\u00e9-eliminat\u00f3ria: 18\/19 de agosto<\/span><\/li>\n<li style=\"font-weight: 400;\"><span style=\"font-weight: 400;\">Segunda pr\u00e9-eliminat\u00f3ria: 25\/26 de agosto<\/span><\/li>\n<li style=\"font-weight: 400;\"><span style=\"font-weight: 400;\">Terceira pr\u00e9-eliminat\u00f3ria: 15\/16 de setembro<\/span><\/li>\n<li style=\"font-weight: 400;\"><span style=\"font-weight: 400;\">Play-offs: 22\/23 e 29\/30 de setembro<\/span><\/li>\n<li style=\"font-weight: 400;\"><span style=\"font-weight: 400;\">Fase de grupos: 20\/21 e 27\/28 de outubro, 3\/4 e 24\/25 de novembro, 1\/2 e 8\/9 de dezembro<\/span><\/li>\n<\/ul>\n<p><b>Calend\u00e1rio da Liga Europa 2020\/201<\/b><\/p>\n<ul>\n<li style=\"font-weight: 400;\"><span style=\"font-weight: 400;\">Fase preliminar: 20 de agosto<\/span><\/li>\n<li style=\"font-weight: 400;\"><span style=\"font-weight: 400;\">1\u00aa pr\u00e9-eliminat\u00f3ria: 27 de agosto<\/span><\/li>\n<li style=\"font-weight: 400;\"><span style=\"font-weight: 400;\">Segunda pr\u00e9-eliminat\u00f3ria: 17 de setembro<\/span><\/li>\n<li style=\"font-weight: 400;\"><span style=\"font-weight: 400;\">Terceira pr\u00e9-eliminat\u00f3ria: 24 de setembro<\/span><\/li>\n<li style=\"font-weight: 400;\"><span style=\"font-weight: 400;\">Play-offs: 1 de outubro<\/span><\/li>\n<li style=\"font-weight: 400;\"><span style=\"font-weight: 400;\">Fase de grupos: 22 e 29 de outubro, 5 e 26 de novembro, 3 e 10 de dezembro<\/span><\/li>\n<\/ul>\n","protected":false},"excerpt":{"rendered":"<p>Em reuni\u00e3o realizada nessa quarta-feira (17) em Nyon na Su\u00ed\u00e7a, pelo comit\u00ea-executivo da UEFA, foram definidas as datas de realiza\u00e7\u00e3o dos jogos restantes da Liga dos Campe\u00f5es, Liga Europa, Liga dos Campe\u00f5es de Futebol Feminino, Eurocopa, Eliminat\u00f3rias da Copa do Mundo 2022, Liga das Na\u00e7\u00f5es, Youth League e Supercopa, todos com port\u00f5es fechados. Todas as [&hellip;]<\/p>\n","protected":false},"author":96,"featured_media":162459,"comment_status":"closed","ping_status":"closed","sticky":false,"template":"","format":"standard","meta":{"footnotes":""},"categories":[436,257,439],"tags":[],"class_list":["post-162458","post","type-post","status-publish","format-standard","has-post-thumbnail","hentry","category-destaque-da-semana","category-esporte","category-ultima-hora"],"_links":{"self":[{"href":"https:\/\/diarioregionaldigital.com.br\/index.php?rest_route=\/wp\/v2\/posts\/162458","targetHints":{"allow":["GET"]}}],"collection":[{"href":"https:\/\/diarioregionaldigital.com.br\/index.php?rest_route=\/wp\/v2\/posts"}],"about":[{"href":"https:\/\/diarioregionaldigital.com.br\/index.php?rest_route=\/wp\/v2\/types\/post"}],"author":[{"embeddable":true,"href":"https:\/\/diarioregionaldigital.com.br\/index.php?rest_route=\/wp\/v2\/users\/96"}],"replies":[{"embeddable":true,"href":"https:\/\/diarioregionaldigital.com.br\/index.php?rest_route=%2Fwp%2Fv2%2Fcomments&post=162458"}],"version-history":[{"count":0,"href":"https:\/\/diarioregionaldigital.com.br\/index.php?rest_route=\/wp\/v2\/posts\/162458\/revisions"}],"wp:featuredmedia":[{"embeddable":true,"href":"https:\/\/diarioregionaldigital.com.br\/index.php?rest_route=\/wp\/v2\/media\/162459"}],"wp:attachment":[{"href":"https:\/\/diarioregionaldigital.com.br\/index.php?rest_route=%2Fwp%2Fv2%2Fmedia&parent=162458"}],"wp:term":[{"taxonomy":"category","embeddable":true,"href":"https:\/\/diarioregionaldigital.com.br\/index.php?rest_route=%2Fwp%2Fv2%2Fcategories&post=162458"},{"taxonomy":"post_tag","embeddable":true,"href":"https:\/\/diarioregionaldigital.com.br\/index.php?rest_route=%2Fwp%2Fv2%2Ftags&post=162458"}],"curies":[{"name":"wp","href":"https:\/\/api.w.org\/{rel}","templated":true}]}}