{"id":162455,"date":"2020-06-17T15:37:36","date_gmt":"2020-06-17T18:37:36","guid":{"rendered":"https:\/\/diarioregionaldigital.com.br\/?p=162455"},"modified":"2020-06-17T15:37:36","modified_gmt":"2020-06-17T18:37:36","slug":"campeonato-carioca-retorna-nesta-quinta-feira","status":"publish","type":"post","link":"https:\/\/diarioregionaldigital.com.br\/?p=162455","title":{"rendered":"Campeonato Carioca retorna nesta quinta-feira"},"content":{"rendered":"<p><span style=\"font-weight: 400;\">Ap\u00f3s reuni\u00e3o com a Prefeitura do Rio de Janeiro e os clubes cariocas, a Federa\u00e7\u00e3o de Futebol do Rio de Janeiro (Ferj), confirmou o retorno do Campeonato Carioca. A primeira partida desde a paralisa\u00e7\u00e3o em decorr\u00eancia da epidemia do Coronav\u00edrus, ser\u00e1 realizada nesta quinta-feira (18), entre Bangu x Flamengo, \u00e0s 21h00 no Est\u00e1dio do Maracan\u00e3.<\/span><\/p>\n<p><span style=\"font-weight: 400;\">A Federa\u00e7\u00e3o havia anunciado que os jogos seriam realizados no Est\u00e1dio Nilton Santos, S\u00e3o Janu\u00e1rio e o pr\u00f3prio Maracan\u00e3. No entanto, no site oficial da entidade constam <\/span><span style=\"font-weight: 400;\">partidas em Conselheiro Galv\u00e3o e Luso Brasileiro. Todos os jogos ser\u00e3o realizados com port\u00f5es fechados.<\/span><\/p>\n<p><span style=\"font-weight: 400;\">O Vasco entra em campo no domingo, \u00e0s 16h, em S\u00e3o Janu\u00e1rio, contra o Maca\u00e9. Botafogo entra em campo contra a Cabofriense na segunda-feira (22), \u00e0s 17h:30 no Nilton Santos e o Fluminense recebe o Volta Redonda no mesmo dia, \u00e0s 20h00 no Maracan\u00e3.<\/span><\/p>\n<p><span style=\"font-weight: 400;\">Logo ap\u00f3s a conclus\u00e3o da reuni\u00e3o arbitral entre a Ferj e os clubes, o presidente do Fluminense, M\u00e1rio Bittencourt, diz que vai acionar a Justi\u00e7a para tentar remarcar os jogos do clube para o m\u00eas de julho:<\/span><\/p>\n<p><span style=\"font-weight: 400;\">\u201cN\u00e3o resta outra alternativa ao clube sen\u00e3o buscar as medidas na justi\u00e7a desportiva para fazer valer o que \u00e9 certo, ou seja, remarcar a data de nossos jogos para julho. Seguimos no estado de calamidade p\u00fablica e faremos valer nosso direito de somente entrar em campo quando tivermos o devido tempo de prepara\u00e7\u00e3o f\u00edsica para garantir as melhores condi\u00e7\u00f5es aos atletas e a devida seguran\u00e7a sanit\u00e1ria.\u201d\u00a0<\/span><\/p>\n<p><span style=\"font-weight: 400;\">J\u00e1 o presidente do Botafogo, Nelson Mufarrej, tamb\u00e9m se diz contr\u00e1rio ao retorno do Campeonato Carioca e diz que n\u00e3o h\u00e1 condi\u00e7\u00f5es do clube cumprir o calend\u00e1rio proposto:<\/span><\/p>\n<p><span style=\"font-weight: 400;\">\u201cN\u00e3o houve consenso at\u00e9 o momento. O Botafogo tem uma linha de a\u00e7\u00e3o definida caso o quadro permane\u00e7a inalterado, mas espera que haja entendimento entre os clubes e o seu pleito seja atendido. N\u00e3o h\u00e1 condi\u00e7\u00f5es de cumprir esse calend\u00e1rio da forma que foi proposta.\u201d<\/span><\/p>\n<p><b>Confira os jogos da rodada do Campeonato Carioca:<\/b><\/p>\n<p><b>Grupo A:<\/b><\/p>\n<ul>\n<li style=\"font-weight: 400;\"><span style=\"font-weight: 400;\">Bangu x Flamengo; 18\/06 (21h00 no Est\u00e1dio do Maracan\u00e3)<\/span><\/li>\n<li style=\"font-weight: 400;\"><span style=\"font-weight: 400;\">Portuguesa x Boavista; 19\/06 (15h30 no Est\u00e1dio Luso Brasileiro)<\/span><\/li>\n<li style=\"font-weight: 400;\"><span style=\"font-weight: 400;\">Botafogo x Cabofriense; 22\/06 (17h30 no Est\u00e1dio Nilton Santos)<\/span><\/li>\n<\/ul>\n<p><b>Grupo B:<\/b><\/p>\n<ul>\n<li style=\"font-weight: 400;\"><span style=\"font-weight: 400;\">Madureira x Resende; 21\/06 (15h40 no Est\u00e1dio Conselheiro Galv\u00e3o)<\/span><\/li>\n<li style=\"font-weight: 400;\"><span style=\"font-weight: 400;\">Vasco x Maca\u00e9; 21\/06 (16h00 no Est\u00e1dio S\u00e3o Janu\u00e1rio)<\/span><\/li>\n<li style=\"font-weight: 400;\"><span style=\"font-weight: 400;\">Fluminense x Volta Redonda; 22\/06 (22\/06 no Est\u00e1dio do Maracan\u00e3)<\/span><\/li>\n<\/ul>\n","protected":false},"excerpt":{"rendered":"<p>Ap\u00f3s reuni\u00e3o com a Prefeitura do Rio de Janeiro e os clubes cariocas, a Federa\u00e7\u00e3o de Futebol do Rio de Janeiro (Ferj), confirmou o retorno do Campeonato Carioca. A primeira partida desde a paralisa\u00e7\u00e3o em decorr\u00eancia da epidemia do Coronav\u00edrus, ser\u00e1 realizada nesta quinta-feira (18), entre Bangu x Flamengo, \u00e0s 21h00 no Est\u00e1dio do Maracan\u00e3. [&hellip;]<\/p>\n","protected":false},"author":96,"featured_media":162456,"comment_status":"closed","ping_status":"closed","sticky":false,"template":"","format":"standard","meta":{"footnotes":""},"categories":[436,257,439],"tags":[],"class_list":["post-162455","post","type-post","status-publish","format-standard","has-post-thumbnail","hentry","category-destaque-da-semana","category-esporte","category-ultima-hora"],"_links":{"self":[{"href":"https:\/\/diarioregionaldigital.com.br\/index.php?rest_route=\/wp\/v2\/posts\/162455","targetHints":{"allow":["GET"]}}],"collection":[{"href":"https:\/\/diarioregionaldigital.com.br\/index.php?rest_route=\/wp\/v2\/posts"}],"about":[{"href":"https:\/\/diarioregionaldigital.com.br\/index.php?rest_route=\/wp\/v2\/types\/post"}],"author":[{"embeddable":true,"href":"https:\/\/diarioregionaldigital.com.br\/index.php?rest_route=\/wp\/v2\/users\/96"}],"replies":[{"embeddable":true,"href":"https:\/\/diarioregionaldigital.com.br\/index.php?rest_route=%2Fwp%2Fv2%2Fcomments&post=162455"}],"version-history":[{"count":0,"href":"https:\/\/diarioregionaldigital.com.br\/index.php?rest_route=\/wp\/v2\/posts\/162455\/revisions"}],"wp:featuredmedia":[{"embeddable":true,"href":"https:\/\/diarioregionaldigital.com.br\/index.php?rest_route=\/wp\/v2\/media\/162456"}],"wp:attachment":[{"href":"https:\/\/diarioregionaldigital.com.br\/index.php?rest_route=%2Fwp%2Fv2%2Fmedia&parent=162455"}],"wp:term":[{"taxonomy":"category","embeddable":true,"href":"https:\/\/diarioregionaldigital.com.br\/index.php?rest_route=%2Fwp%2Fv2%2Fcategories&post=162455"},{"taxonomy":"post_tag","embeddable":true,"href":"https:\/\/diarioregionaldigital.com.br\/index.php?rest_route=%2Fwp%2Fv2%2Ftags&post=162455"}],"curies":[{"name":"wp","href":"https:\/\/api.w.org\/{rel}","templated":true}]}}