{"id":162451,"date":"2020-06-17T14:09:06","date_gmt":"2020-06-17T17:09:06","guid":{"rendered":"https:\/\/diarioregionaldigital.com.br\/?p=162451"},"modified":"2020-06-17T14:09:06","modified_gmt":"2020-06-17T17:09:06","slug":"adolescente-efetua-seis-disparos-de-arma-de-fogo-contra-o-proprio-parente","status":"publish","type":"post","link":"https:\/\/diarioregionaldigital.com.br\/?p=162451","title":{"rendered":"Adolescente efetua seis disparos de arma de fogo contra o pr\u00f3prio parente"},"content":{"rendered":"<p>Um adolescente de 17 anos, efetuou um total de seis disparos de arma de fogo, contra um parente de sua fam\u00edlia, na Rua Luiz Vilani no Bairro Santa Cruz (Regi\u00e3o Noroeste) em Juiz de Fora.\u00a0\u00a0A v\u00edtima, homem de 35 anos, foi encaminhada para a UPA Norte, onde foi constatada duas perfura\u00e7\u00f5es na perna direita e quatro na perna esquerda. A v\u00edtima relatou \u00e0 Pol\u00edcia Militar (PM) que o autor dos disparos \u00e9 seu sobrinho.<\/p>\n","protected":false},"excerpt":{"rendered":"<p>Um adolescente de 17 anos, efetuou um total de seis disparos de arma de fogo, contra um parente de sua fam\u00edlia, na Rua Luiz Vilani no Bairro Santa Cruz (Regi\u00e3o Noroeste) em Juiz de Fora.\u00a0\u00a0A v\u00edtima, homem de 35 anos, foi encaminhada para a UPA Norte, onde foi constatada duas perfura\u00e7\u00f5es na perna direita e [&hellip;]<\/p>\n","protected":false},"author":96,"featured_media":161269,"comment_status":"closed","ping_status":"closed","sticky":false,"template":"","format":"standard","meta":{"footnotes":""},"categories":[301,436,439],"tags":[],"class_list":["post-162451","post","type-post","status-publish","format-standard","has-post-thumbnail","hentry","category-artigos-policiais","category-destaque-da-semana","category-ultima-hora"],"_links":{"self":[{"href":"https:\/\/diarioregionaldigital.com.br\/index.php?rest_route=\/wp\/v2\/posts\/162451","targetHints":{"allow":["GET"]}}],"collection":[{"href":"https:\/\/diarioregionaldigital.com.br\/index.php?rest_route=\/wp\/v2\/posts"}],"about":[{"href":"https:\/\/diarioregionaldigital.com.br\/index.php?rest_route=\/wp\/v2\/types\/post"}],"author":[{"embeddable":true,"href":"https:\/\/diarioregionaldigital.com.br\/index.php?rest_route=\/wp\/v2\/users\/96"}],"replies":[{"embeddable":true,"href":"https:\/\/diarioregionaldigital.com.br\/index.php?rest_route=%2Fwp%2Fv2%2Fcomments&post=162451"}],"version-history":[{"count":0,"href":"https:\/\/diarioregionaldigital.com.br\/index.php?rest_route=\/wp\/v2\/posts\/162451\/revisions"}],"wp:featuredmedia":[{"embeddable":true,"href":"https:\/\/diarioregionaldigital.com.br\/index.php?rest_route=\/wp\/v2\/media\/161269"}],"wp:attachment":[{"href":"https:\/\/diarioregionaldigital.com.br\/index.php?rest_route=%2Fwp%2Fv2%2Fmedia&parent=162451"}],"wp:term":[{"taxonomy":"category","embeddable":true,"href":"https:\/\/diarioregionaldigital.com.br\/index.php?rest_route=%2Fwp%2Fv2%2Fcategories&post=162451"},{"taxonomy":"post_tag","embeddable":true,"href":"https:\/\/diarioregionaldigital.com.br\/index.php?rest_route=%2Fwp%2Fv2%2Ftags&post=162451"}],"curies":[{"name":"wp","href":"https:\/\/api.w.org\/{rel}","templated":true}]}}