{"id":162449,"date":"2020-06-17T14:04:52","date_gmt":"2020-06-17T17:04:52","guid":{"rendered":"https:\/\/diarioregionaldigital.com.br\/?p=162449"},"modified":"2020-06-17T14:04:52","modified_gmt":"2020-06-17T17:04:52","slug":"individuo-rouba-pertences-de-uma-jovem-de-25-anos-em-um-ponto-de-onibus","status":"publish","type":"post","link":"https:\/\/diarioregionaldigital.com.br\/?p=162449","title":{"rendered":"Indiv\u00edduo rouba pertences de uma jovem de 25 anos em um ponto de \u00f4nibus"},"content":{"rendered":"<p>Uma jovem de 25 anos, estava em um ponto de \u00f4nibus na Avenida Rio Branco, pr\u00f3ximo \u00e0 Rua Doutor Romualdo, quando em um determinado momento foi abordada por um indiv\u00edduo que usava m\u00e1scara. Durante o ato, o autor mostrou um objeto met\u00e1lico, dizendo ser arma de fogo e amea\u00e7ou a v\u00edtima, exigindo que entregasse todos os pertences. Autor levou uma mochila de cor preta e branca, carteira, jaleco, telefone celular, documentos pessoais e R$20,00 em dinheiro. Logo em seguida, o suspeito fugiu do local.<\/p>\n","protected":false},"excerpt":{"rendered":"<p>Uma jovem de 25 anos, estava em um ponto de \u00f4nibus na Avenida Rio Branco, pr\u00f3ximo \u00e0 Rua Doutor Romualdo, quando em um determinado momento foi abordada por um indiv\u00edduo que usava m\u00e1scara. Durante o ato, o autor mostrou um objeto met\u00e1lico, dizendo ser arma de fogo e amea\u00e7ou a v\u00edtima, exigindo que entregasse todos [&hellip;]<\/p>\n","protected":false},"author":96,"featured_media":161269,"comment_status":"closed","ping_status":"closed","sticky":false,"template":"","format":"standard","meta":{"footnotes":""},"categories":[301,436,439],"tags":[],"class_list":["post-162449","post","type-post","status-publish","format-standard","has-post-thumbnail","hentry","category-artigos-policiais","category-destaque-da-semana","category-ultima-hora"],"_links":{"self":[{"href":"https:\/\/diarioregionaldigital.com.br\/index.php?rest_route=\/wp\/v2\/posts\/162449","targetHints":{"allow":["GET"]}}],"collection":[{"href":"https:\/\/diarioregionaldigital.com.br\/index.php?rest_route=\/wp\/v2\/posts"}],"about":[{"href":"https:\/\/diarioregionaldigital.com.br\/index.php?rest_route=\/wp\/v2\/types\/post"}],"author":[{"embeddable":true,"href":"https:\/\/diarioregionaldigital.com.br\/index.php?rest_route=\/wp\/v2\/users\/96"}],"replies":[{"embeddable":true,"href":"https:\/\/diarioregionaldigital.com.br\/index.php?rest_route=%2Fwp%2Fv2%2Fcomments&post=162449"}],"version-history":[{"count":0,"href":"https:\/\/diarioregionaldigital.com.br\/index.php?rest_route=\/wp\/v2\/posts\/162449\/revisions"}],"wp:featuredmedia":[{"embeddable":true,"href":"https:\/\/diarioregionaldigital.com.br\/index.php?rest_route=\/wp\/v2\/media\/161269"}],"wp:attachment":[{"href":"https:\/\/diarioregionaldigital.com.br\/index.php?rest_route=%2Fwp%2Fv2%2Fmedia&parent=162449"}],"wp:term":[{"taxonomy":"category","embeddable":true,"href":"https:\/\/diarioregionaldigital.com.br\/index.php?rest_route=%2Fwp%2Fv2%2Fcategories&post=162449"},{"taxonomy":"post_tag","embeddable":true,"href":"https:\/\/diarioregionaldigital.com.br\/index.php?rest_route=%2Fwp%2Fv2%2Ftags&post=162449"}],"curies":[{"name":"wp","href":"https:\/\/api.w.org\/{rel}","templated":true}]}}