{"id":162447,"date":"2020-06-17T14:00:32","date_gmt":"2020-06-17T17:00:32","guid":{"rendered":"https:\/\/diarioregionaldigital.com.br\/?p=162447"},"modified":"2020-06-17T14:00:32","modified_gmt":"2020-06-17T17:00:32","slug":"jovem-e-rendido-por-dois-individuos-durante-assalto-no-ipiranga","status":"publish","type":"post","link":"https:\/\/diarioregionaldigital.com.br\/?p=162447","title":{"rendered":"Jovem \u00e9 rendido por dois indiv\u00edduos durante assalto no Ipiranga"},"content":{"rendered":"<p>Um jovem de 18 anos, relatou \u00e0 Pol\u00edcia Militar (PM), que transitava pela Rua Capit\u00e3o Ant\u00f4nio Carias, no Bairro Ipiranga (Regi\u00e3o Sul), quando em um determinado momento foi rendido por dois indiv\u00edduos, sendo que um deles estava armado com faca. Durante o ato, os assaltantes exigiram o celular e um deles encostou a faca no peito da v\u00edtima. Diante das amea\u00e7as, ela entregou o aparelho e os autores fugiram do local.<\/p>\n","protected":false},"excerpt":{"rendered":"<p>Um jovem de 18 anos, relatou \u00e0 Pol\u00edcia Militar (PM), que transitava pela Rua Capit\u00e3o Ant\u00f4nio Carias, no Bairro Ipiranga (Regi\u00e3o Sul), quando em um determinado momento foi rendido por dois indiv\u00edduos, sendo que um deles estava armado com faca. Durante o ato, os assaltantes exigiram o celular e um deles encostou a faca no [&hellip;]<\/p>\n","protected":false},"author":96,"featured_media":161269,"comment_status":"closed","ping_status":"closed","sticky":false,"template":"","format":"standard","meta":{"footnotes":""},"categories":[301,436,439],"tags":[],"class_list":["post-162447","post","type-post","status-publish","format-standard","has-post-thumbnail","hentry","category-artigos-policiais","category-destaque-da-semana","category-ultima-hora"],"_links":{"self":[{"href":"https:\/\/diarioregionaldigital.com.br\/index.php?rest_route=\/wp\/v2\/posts\/162447","targetHints":{"allow":["GET"]}}],"collection":[{"href":"https:\/\/diarioregionaldigital.com.br\/index.php?rest_route=\/wp\/v2\/posts"}],"about":[{"href":"https:\/\/diarioregionaldigital.com.br\/index.php?rest_route=\/wp\/v2\/types\/post"}],"author":[{"embeddable":true,"href":"https:\/\/diarioregionaldigital.com.br\/index.php?rest_route=\/wp\/v2\/users\/96"}],"replies":[{"embeddable":true,"href":"https:\/\/diarioregionaldigital.com.br\/index.php?rest_route=%2Fwp%2Fv2%2Fcomments&post=162447"}],"version-history":[{"count":0,"href":"https:\/\/diarioregionaldigital.com.br\/index.php?rest_route=\/wp\/v2\/posts\/162447\/revisions"}],"wp:featuredmedia":[{"embeddable":true,"href":"https:\/\/diarioregionaldigital.com.br\/index.php?rest_route=\/wp\/v2\/media\/161269"}],"wp:attachment":[{"href":"https:\/\/diarioregionaldigital.com.br\/index.php?rest_route=%2Fwp%2Fv2%2Fmedia&parent=162447"}],"wp:term":[{"taxonomy":"category","embeddable":true,"href":"https:\/\/diarioregionaldigital.com.br\/index.php?rest_route=%2Fwp%2Fv2%2Fcategories&post=162447"},{"taxonomy":"post_tag","embeddable":true,"href":"https:\/\/diarioregionaldigital.com.br\/index.php?rest_route=%2Fwp%2Fv2%2Ftags&post=162447"}],"curies":[{"name":"wp","href":"https:\/\/api.w.org\/{rel}","templated":true}]}}